{"id":16469,"date":"2025-08-31T18:34:45","date_gmt":"2025-08-31T21:34:45","guid":{"rendered":"https:\/\/alternativatvstreaming.com.br\/?p=16469"},"modified":"2025-08-31T18:34:45","modified_gmt":"2025-08-31T21:34:45","slug":"cidade-de-sao-paulo-tem-agosto-mais-seco-desde-2020","status":"publish","type":"post","link":"https:\/\/alternativatvstreaming.com.br\/?p=16469","title":{"rendered":"Cidade de S\u00e3o Paulo tem agosto mais seco desde 2020"},"content":{"rendered":"<\/p>\n<p><a class=\"\" href=\"https:\/\/agenciabrasil.ebc.com.br\/geral\/noticia\/2025-08\/cidade-de-sao-paulo-tem-agosto-mais-seco-desde-2020\"><br \/>\n                    <img decoding=\"async\" src=\"https:\/\/cdn.jsdelivr.net\/gh\/sergiosdlima\/assets-ebc@1.0.0\/abr\/assets\/images\/logo-agenciabrasil.svg\" alt=\"Logo Ag\u00eancia Brasil\"><br \/>\n\t\t\t\t<\/a><\/p>\n<p>Sem expectativa de chuva para este domingo\u00a0(31), <strong>a cidade de S\u00e3o Paulo deve encerrar o m\u00eas de agosto como um dos mais secos dos \u00faltimos anos.<\/strong><img decoding=\"async\" src=\"https:\/\/agenciabrasil.ebc.com.br\/ebc.png?id=1656587&#038;o=rss\"><img decoding=\"async\" src=\"https:\/\/agenciabrasil.ebc.com.br\/ebc.gif?id=1656587&#038;o=rss\"><\/p>\n<p><strong>O acumulado de chuva na capital paulista em agosto foi de 13,5 mil\u00edmetros (mm), o que equivale a menos da metade (44,7%) dos 30,2 mm\u00a0esperados para todo o m\u00eas<\/strong>.<\/p>\n<\/p>\n<h3>Not\u00edcias relacionadas:<\/h3>\n<ul>\n<li><a href=\"https:\/\/agenciabrasil.ebc.com.br\/meio-ambiente\/noticia\/2025-08\/sabesp-vai-reduzir-retirada-de-agua-do-cantareira\">Sabesp vai reduzir retirada de \u00e1gua do Cantareira.<\/a><\/li>\n<li><a href=\"https:\/\/agenciabrasil.ebc.com.br\/meio-ambiente\/noticia\/2025-08\/pressao-da-agua-e-reduzida-na-regiao-metropolitana-de-sao-paulo\">Press\u00e3o da \u00e1gua ser\u00e1 reduzida na regi\u00e3o metropolitana de S\u00e3o Paulo .<\/a><\/li>\n<\/ul>\n<p>Segundo o Centro de Gerenciamento de Emerg\u00eancias Clim\u00e1ticas (CGE) de S\u00e3o Paulo, <strong>a capital n\u00e3o registrava um m\u00eas de agosto com chuvas abaixo da m\u00e9dia hist\u00f3rica desde 2020.<\/strong><\/p>\n<p>As temperaturas tamb\u00e9m mantiveram-se abaixo do esperado para o m\u00eas. No geral, a temperatura em agosto se manteve com m\u00ednimas de 12,4\u00b0C e m\u00e1xima de 23\u00b0C, enquanto as m\u00e9dias hist\u00f3ricas para o m\u00eas na capital paulista costumam ser em torno de 13,4\u00b0C e 24,3\u00b0C, respectivamente.<\/p>\n<p><strong>Para os pr\u00f3ximos dias, a expectativa \u00e9 de tempo seco, sem previs\u00e3o de chuva e com eleva\u00e7\u00e3o das temperaturas e baixa umidade do ar.<\/strong> Segundo o CGE, essas condi\u00e7\u00f5es devem permanecer na capital paulista at\u00e9 pelo menos a pr\u00f3xima sexta-feira (5).<\/p>\n<h2>Redu\u00e7\u00e3o na \u00e1gua<\/h2>\n<p>Por causa do per\u00edodo de forte estiagem, o governo de S\u00e3o Paulo anunciou na \u00faltima sexta-feira (29) que a Companhia de Saneamento B\u00e1sico do Estado de S\u00e3o Paulo (Sabesp), empresa respons\u00e1vel pelo fornecimento de \u00e1gua e pela coleta e tratamento de esgoto em 377 munic\u00edpios paulistas, vai <a href=\"https:\/\/agenciabrasil.ebc.com.br\/meio-ambiente\/noticia\/2025-08\/sabesp-vai-reduzir-retirada-de-agua-do-cantareira\" target=\"_blank\">reduzir o volume de retirada de \u00e1gua do Sistema Cantareira<\/a>. Segundo o an\u00fancio, o volume autorizado de retirada do sistema vai agora passar de 31 metros c\u00fabicos por segundo (m\u00b3\/s) para 27 m\u00b3\/s.<\/p>\n<p>O Cantareira \u00e9 o principal e maior reservat\u00f3rio de S\u00e3o Paulo e vem apresentando um n\u00edvel de armazenamento muito baixo por causa da falta de chuvas \u2013\u00a0que tem apresentado \u00edndice abaixo da m\u00e9dia hist\u00f3rica na regi\u00e3o. Neste domingo, o <a href=\"https:\/\/mananciais.sabesp.com.br\/Situacao\" target=\"_blank\">n\u00edvel do reservat\u00f3rio<\/a> chegou a 34,6%,\u00a0considerado de alerta.<\/p>\n<p>Na \u00faltima segunda-feira, o governo paulista j\u00e1 havia anunciado que iniciaria um <a href=\"https:\/\/agenciabrasil.ebc.com.br\/meio-ambiente\/noticia\/2025-08\/sabesp-reduzira-pressao-de-agua-na-grande-sao-paulo-partir-de-quarta\" target=\"_blank\">processo de redu\u00e7\u00e3o da press\u00e3o da \u00e1gua<\/a> durante a madrugada na regi\u00e3o metropolitana de S\u00e3o Paulo. A medida teve in\u00edcio na \u00faltima quarta-feira (27) e \u00e9 adotada <a href=\"https:\/\/agenciabrasil.ebc.com.br\/meio-ambiente\/noticia\/2025-08\/pressao-da-agua-e-reduzida-na-regiao-metropolitana-de-sao-paulo\" target=\"_blank\">diariamente<\/a> entre as 21h e as 5h. Segundo o governo, ela vai continuar em funcionamento \u201cat\u00e9 que sejam recuperados os n\u00edveis dos reservat\u00f3rios que abastecem a regi\u00e3o metropolitana\u201d, que neste domingo somaram\u00a037,2% de armazenamento.<\/p>\n","protected":false},"excerpt":{"rendered":"<p>Sem expectativa de chuva para este domingo\u00a0(31), a cidade de S\u00e3o Paulo deve encerrar o m\u00eas de agosto como um dos mais secos dos \u00faltimos anos. O acumulado de chuva na capital paulista em agosto foi de 13,5 mil\u00edmetros (mm), o que equivale a menos da metade (44,7%) dos 30,2 mm\u00a0esperados para todo o m\u00eas. [&hellip;]<\/p>\n","protected":false},"author":1,"featured_media":16470,"comment_status":"open","ping_status":"open","sticky":false,"template":"","format":"standard","meta":{"rop_custom_images_group":[],"rop_custom_messages_group":[],"rop_publish_now":"initial","rop_publish_now_accounts":{"facebook_9070789419679556_1658623117598344":""},"rop_publish_now_history":[],"rop_publish_now_status":"pending","site-sidebar-layout":"default","site-content-layout":"","ast-site-content-layout":"","site-content-style":"default","site-sidebar-style":"default","ast-global-header-display":"","ast-banner-title-visibility":"","ast-main-header-display":"","ast-hfb-above-header-display":"","ast-hfb-below-header-display":"","ast-hfb-mobile-header-display":"","site-post-title":"","ast-breadcrumbs-content":"","ast-featured-img":"","footer-sml-layout":"","theme-transparent-header-meta":"","adv-header-id-meta":"","stick-header-meta":"","header-above-stick-meta":"","header-main-stick-meta":"","header-below-stick-meta":"","astra-migrate-meta-layouts":"default","ast-page-background-enabled":"default","ast-page-background-meta":{"desktop":{"background-color":"var(--ast-global-color-4)","background-image":"","background-repeat":"repeat","background-position":"center center","background-size":"auto","background-attachment":"scroll","background-type":"","background-media":"","overlay-type":"","overlay-color":"","overlay-opacity":"","overlay-gradient":""},"tablet":{"background-color":"","background-image":"","background-repeat":"repeat","background-position":"center center","background-size":"auto","background-attachment":"scroll","background-type":"","background-media":"","overlay-type":"","overlay-color":"","overlay-opacity":"","overlay-gradient":""},"mobile":{"background-color":"","background-image":"","background-repeat":"repeat","background-position":"center center","background-size":"auto","background-attachment":"scroll","background-type":"","background-media":"","overlay-type":"","overlay-color":"","overlay-opacity":"","overlay-gradient":""}},"ast-content-background-meta":{"desktop":{"background-color":"var(--ast-global-color-5)","background-image":"","background-repeat":"repeat","background-position":"center center","background-size":"auto","background-attachment":"scroll","background-type":"","background-media":"","overlay-type":"","overlay-color":"","overlay-opacity":"","overlay-gradient":""},"tablet":{"background-color":"var(--ast-global-color-5)","background-image":"","background-repeat":"repeat","background-position":"center center","background-size":"auto","background-attachment":"scroll","background-type":"","background-media":"","overlay-type":"","overlay-color":"","overlay-opacity":"","overlay-gradient":""},"mobile":{"background-color":"var(--ast-global-color-5)","background-image":"","background-repeat":"repeat","background-position":"center center","background-size":"auto","background-attachment":"scroll","background-type":"","background-media":"","overlay-type":"","overlay-color":"","overlay-opacity":"","overlay-gradient":""}},"footnotes":""},"categories":[4],"tags":[],"class_list":["post-16469","post","type-post","status-publish","format-standard","has-post-thumbnail","hentry","category-brasil"],"_links":{"self":[{"href":"https:\/\/alternativatvstreaming.com.br\/index.php?rest_route=\/wp\/v2\/posts\/16469","targetHints":{"allow":["GET"]}}],"collection":[{"href":"https:\/\/alternativatvstreaming.com.br\/index.php?rest_route=\/wp\/v2\/posts"}],"about":[{"href":"https:\/\/alternativatvstreaming.com.br\/index.php?rest_route=\/wp\/v2\/types\/post"}],"author":[{"embeddable":true,"href":"https:\/\/alternativatvstreaming.com.br\/index.php?rest_route=\/wp\/v2\/users\/1"}],"replies":[{"embeddable":true,"href":"https:\/\/alternativatvstreaming.com.br\/index.php?rest_route=%2Fwp%2Fv2%2Fcomments&post=16469"}],"version-history":[{"count":0,"href":"https:\/\/alternativatvstreaming.com.br\/index.php?rest_route=\/wp\/v2\/posts\/16469\/revisions"}],"wp:featuredmedia":[{"embeddable":true,"href":"https:\/\/alternativatvstreaming.com.br\/index.php?rest_route=\/wp\/v2\/media\/16470"}],"wp:attachment":[{"href":"https:\/\/alternativatvstreaming.com.br\/index.php?rest_route=%2Fwp%2Fv2%2Fmedia&parent=16469"}],"wp:term":[{"taxonomy":"category","embeddable":true,"href":"https:\/\/alternativatvstreaming.com.br\/index.php?rest_route=%2Fwp%2Fv2%2Fcategories&post=16469"},{"taxonomy":"post_tag","embeddable":true,"href":"https:\/\/alternativatvstreaming.com.br\/index.php?rest_route=%2Fwp%2Fv2%2Ftags&post=16469"}],"curies":[{"name":"wp","href":"https:\/\/api.w.org\/{rel}","templated":true}]}}