{"id":16563,"date":"2025-09-02T15:20:46","date_gmt":"2025-09-02T18:20:46","guid":{"rendered":"https:\/\/alternativatvstreaming.com.br\/?p=16563"},"modified":"2025-09-02T15:20:48","modified_gmt":"2025-09-02T18:20:48","slug":"camara-de-limeira-aprova-quatro-projetos-e-discute-quatro-requerimentos","status":"publish","type":"post","link":"https:\/\/alternativatvstreaming.com.br\/?p=16563","title":{"rendered":"C\u00e2mara de Limeira aprova quatro projetos e discute quatro requerimentos"},"content":{"rendered":"\n<p>Seis oradores fazem uso da Tribuna Livre durante a sess\u00e3o ordin\u00e1ria<\/p>\n\n\n\n<p>Na sess\u00e3o ordin\u00e1ria desta segunda-feira, 1\u00ba de setembro, a C\u00e2mara Municipal de Limeira aprovou quatro projetos pautados na&nbsp;<a href=\"https:\/\/consulta.limeira.sp.leg.br\/Sessoes\/Sessao\/4205\">Ordem do Dia<\/a>. Enquanto no&nbsp;<a href=\"https:\/\/consulta.limeira.sp.leg.br\/Sessoes\/Documento\/391963\">Expediente<\/a>, destinado \u00e0 leitura dos documentos protocolados na Casa, foram discutidos quatro requerimentos. Os trabalhos foram transmitidos ao vivo, para assistir acesse este&nbsp;<a href=\"https:\/\/youtu.be\/HFaDksFMdVs?t=958\">link<\/a>.&nbsp;<\/p>\n\n\n\n<p>A Tribuna Livre desta semana foi ocupada por seis oradores que abordaram os seguintes temas: mo\u00e7\u00e3o a atletas e \u00e0 Guarda Civil Municipal (GCM), olhar \u00e0 sa\u00fade, reserva de vagas de estacionamento para pacientes oncol\u00f3gicos, Associa\u00e7\u00e3o Afro Tulani e Centro Cultural Afro. Confira os discursos na \u00edntegra neste&nbsp;<a href=\"https:\/\/youtu.be\/HFaDksFMdVs?t=8540\">link<\/a>.<\/p>\n\n\n\n<p><strong>Mo\u00e7\u00e3o para atletas<\/strong><\/p>\n\n\n\n<p>A primeira a usar a Tribuna foi Nayara Amanda de Freitas Passos, que falou sobre as mo\u00e7\u00f5es&nbsp;<a href=\"https:\/\/consulta.limeira.sp.leg.br\/Documentos\/Documento\/386833\">N\u00ba 194\/2025<\/a>&nbsp;e&nbsp;<a href=\"https:\/\/consulta.limeira.sp.leg.br\/Documentos\/Documento\/386835\">N\u00ba 195\/2025<\/a>, protocoladas pelo vereador Costa Junior (Podemos) e aprovadas na C\u00e2mara,&nbsp; de reconhecimento aos atletas Davi Passos e Isabela Passos. Conforme a narrativa, as honrarias s\u00e3o fruto do esfor\u00e7o dos atletas e dos pais, apoiadores e patrocinadores, e disse ser inadmiss\u00edvel que algumas institui\u00e7\u00f5es digam ter o m\u00e9rito pelas conquistas deles, sem t\u00ea-los apoiado verdadeiramente.<\/p>\n\n\n\n<p>Ela agradeceu o vereador pelo reconhecimento, ressaltou a import\u00e2ncia do jiu-jitsu para ensinar disciplina e respeito, atitudes que os praticantes levam para a vida, e aconselhou aos pais que pretendem matricular os filhos em aulas da modalidade que pesquisem a idoneidade e os valores defendidos pela institui\u00e7\u00e3o.&nbsp;<\/p>\n\n\n\n<p><strong>Olhar \u00e0 sa\u00fade<\/strong><\/p>\n\n\n\n<p>Em seguida, Thais Helena Fuchs da Silva pediu aos vereadores um olhar especial para a sa\u00fade de Limeira. Ela falou das dificuldades enfrentadas pelos usu\u00e1rios na Farm\u00e1cia de Alto Custo e elogiou o atendimento dos funcion\u00e1rios do local. Contou que participou da 9\u00aa Confer\u00eancia da Sa\u00fade e que se espantou ao ouvir que n\u00e3o h\u00e1 verba para colocar bons projetos em pr\u00e1tica.&nbsp;<\/p>\n\n\n\n<p>Pediu aos vereadores que ajudem a conquistar recursos para melhorar o atendimento dos hospitais da cidade e para as ambul\u00e2ncias do SUS.&nbsp;<\/p>\n\n\n\n<p><strong>Mo\u00e7\u00e3o \u00e0 GCM<\/strong><\/p>\n\n\n\n<p>Por sua vez, Eduardo Hypolito usou a palavra para agradecer a&nbsp;<a href=\"https:\/\/consulta.limeira.sp.leg.br\/Documentos\/Documento\/385965\">Mo\u00e7\u00e3o N\u00ba 180\/2025<\/a>, de autoria da vereadora Mariana Calsa (PL), tamb\u00e9m aprovada pela C\u00e2mara. O documento reconhece a atua\u00e7\u00e3o dele nas Olimp\u00edadas Estaduais das GCMs. O integrante da Guarda e atleta representou a institui\u00e7\u00e3o e a cidade na competi\u00e7\u00e3o e foi campe\u00e3o na modalidade ciclismo e&nbsp;<em>mountain bike<\/em>.<\/p>\n\n\n\n<p>\u201cPode parecer pouca coisa, mas essa mo\u00e7\u00e3o de reconhecimento \u00e9 muito importante para n\u00f3s. Fiquei muito feliz e vou me lembrar disso a vida toda\u201d, declarou Eduardo.<\/p>\n\n\n\n<p><strong>Pacientes oncol\u00f3gicos<\/strong><\/p>\n\n\n\n<p>Para defender a aprova\u00e7\u00e3o do&nbsp;<a href=\"https:\/\/consulta.limeira.sp.leg.br\/Documentos\/Documento\/373456\">Projeto de Lei N\u00b0 56\/2025<\/a>, que disp\u00f5e sobre a reserva de vagas de estacionamento para pacientes oncol\u00f3gicos nas proximidades de hospitais, pautado para vota\u00e7\u00e3o, o tenente PM Denilson Gambelim usou a Tribuna Livre na sess\u00e3o ordin\u00e1ria.&nbsp;<\/p>\n\n\n\n<p>Ele falou da experi\u00eancia vivida durante a doen\u00e7a da esposa, que faleceu em 2024, devido ao c\u00e2ncer. \u201cCarreguei minha esposa saindo da quimioterapia por duas vezes e n\u00e3o havia vagas de estacionamento para esses pacientes pr\u00f3ximas ao hospital. S\u00f3 quem passa por esta doen\u00e7a sabe o sofrimento deles\u201d, relatou Denilson, pedindo sensibilidade na aprova\u00e7\u00e3o e na implementa\u00e7\u00e3o imediata da propositura. \u201cAcredito que isso vai trazer um pouco mais de conforto e dignidade para quem sofre com essa doen\u00e7a\u201d, complementou.<\/p>\n\n\n\n<p><strong>Afro Tulani<\/strong><\/p>\n\n\n\n<p>A Associa\u00e7\u00e3o Afro Tulani foi representada por Cleusa Santos, que contou sobre a funda\u00e7\u00e3o da entidade, em 2002, e sobre a atua\u00e7\u00e3o volunt\u00e1ria junto \u00e0 Prefeitura a partir de 2004, que se encerrou na troca da gest\u00e3o seguinte. De acordo com ela, hoje a institui\u00e7\u00e3o caminha sozinha, com espa\u00e7o pr\u00f3prio e atende 140 alunos, entre eles alunos das periferias da cidade.&nbsp;<\/p>\n\n\n\n<p>Falou do encerramento das atividades do Departamento Afro na cidade, o Decad, em 2014, que ocorreu sem qualquer di\u00e1logo, mas que agora, com o conhecimento da diretoria que vai compor o Departamento de Igualdade Racial da cidade, enquanto movimento negro, pretende estreitar os la\u00e7os.<\/p>\n\n\n\n<p><strong>Centro Cultural Afro&nbsp;<\/strong><\/p>\n\n\n\n<p>Encerrando as tribunas da noite, Ewelyng Teodoro Dias fez a leitura de uma carta aberta \u00e0 Prefeitura de Limeira, discorrendo sobre o posicionamento do Conselho Municipal dos Interesses do Cidad\u00e3o Negro (Comicin) e outras entidades representativas sobre o Centro Cultural Afro. Conforme o documento, a oficializa\u00e7\u00e3o da destina\u00e7\u00e3o da Esta\u00e7\u00e3o Ferrovi\u00e1ria para abrigar o Centro Cultural aconteceu publicamente em fevereiro de 2025, durante a posse da nova gest\u00e3o do Comicin, no entanto, a oradora recebeu um telefonema do Executivo informando sobre a revoga\u00e7\u00e3o da destina\u00e7\u00e3o do espa\u00e7o.<\/p>\n\n\n\n<p>\u201cA revoga\u00e7\u00e3o vem na contram\u00e3o de uma decis\u00e3o tomada em conjunto. \u00c9 um ato de desrespeito aos trabalhos dos conselhos municipais e um ataque direto \u00e0 popula\u00e7\u00e3o negra desta cidade, bem como de irresponsabilidade e aus\u00eancia de planejamento administrativo. Exigimos que a Prefeitura e a Secretaria de Cultura reconhe\u00e7am o erro cometido e restabele\u00e7am o compromisso firmado, garantindo de forma definitiva que o Centro Cultural Afro permane\u00e7a na Esta\u00e7\u00e3o Ferrovi\u00e1ria, com estrutura adequada e autonomia para o desenvolvimento das atividades culturais, formativas e pol\u00edticas da comunidade negra limeirense\u201d, defendeu a oradora.<\/p>\n\n\n\n<p><strong>Confira os projetos que v\u00e3o \u00e0 vota\u00e7\u00e3o:<\/strong><\/p>\n\n\n\n<p><strong>Aprovado &#8211;&nbsp;<\/strong><a href=\"https:\/\/consulta.limeira.sp.leg.br\/Documentos\/Documento\/389415\">Projeto de Lei N\u00ba 198\/2025<\/a>, da Prefeitura,&nbsp; altera a&nbsp;<a href=\"https:\/\/legislacao.limeira.sp.leg.br\/Limeira-SP\/LeisOrdinarias\/1916-1984\">Lei N\u00b0 1916\/1984<\/a>, que cria o Conselho Municipal de Defesa do Meio Ambiente para atualizar as nomenclaturas das secretarias, conforme a nova estrutura administrativa do Munic\u00edpio.<\/p>\n\n\n\n<p><strong>Aprovado &#8211;&nbsp;<\/strong><a href=\"https:\/\/consulta.limeira.sp.leg.br\/Documentos\/Documento\/390305\">Projeto de Lei Complementar N\u00ba 20\/2025<\/a>, da Prefeitura, altera dispositivos da<a href=\"https:\/\/legislacao.limeira.sp.leg.br\/Limeira-SP\/LeisComplementares\/41-1991\">&nbsp;Lei Complementar N\u00ba 41\/1991<\/a>, que disp\u00f5e sobre o Estatuto dos Funcion\u00e1rios P\u00fablicos do Munic\u00edpio de Limeira. A mudan\u00e7a trata sobre readapta\u00e7\u00e3o de servidores efetivos para o exerc\u00edcio de cargo cujas atribui\u00e7\u00f5es e responsabilidades sejam compat\u00edveis com a limita\u00e7\u00e3o que tenham sofrido.&nbsp;&nbsp;&nbsp;&nbsp;<\/p>\n\n\n\n<p><strong>Aprovado &#8211;&nbsp;<\/strong><a href=\"https:\/\/consulta.limeira.sp.leg.br\/Documentos\/Documento\/373456\">Projeto de Lei N\u00ba 56\/2025<\/a>, do vereador Costa Junior (Podemos), disp\u00f5e sobre a reserva de vagas de estacionamento nas vias p\u00fablicas para pacientes oncol\u00f3gicos nas proximidades de hospitais, consult\u00f3rios e laborat\u00f3rios no munic\u00edpio.&nbsp;<\/p>\n\n\n\n<p><strong>Aprovado &#8211;&nbsp;<\/strong><a href=\"https:\/\/consulta.limeira.sp.leg.br\/Documentos\/Documento\/389258\">Projeto de Lei N\u00ba 158\/2025<\/a>, do vereador Guilherme Guido (PL), institui o Circuito Shark Cup de Futv\u00f4lei no Calend\u00e1rio Oficial de Eventos do Munic\u00edpio.&nbsp;<\/p>\n","protected":false},"excerpt":{"rendered":"<p>Seis oradores fazem uso da Tribuna Livre durante a sess\u00e3o ordin\u00e1ria Na sess\u00e3o ordin\u00e1ria desta segunda-feira, 1\u00ba de setembro, a C\u00e2mara Municipal de Limeira aprovou quatro projetos pautados na&nbsp;Ordem do Dia. Enquanto no&nbsp;Expediente, destinado \u00e0 leitura dos documentos protocolados na Casa, foram discutidos quatro requerimentos. Os trabalhos foram transmitidos ao vivo, para assistir acesse este&nbsp;link.&nbsp; [&hellip;]<\/p>\n","protected":false},"author":1,"featured_media":16564,"comment_status":"open","ping_status":"closed","sticky":false,"template":"","format":"standard","meta":{"rop_custom_images_group":[],"rop_custom_messages_group":[],"rop_publish_now":"no","rop_publish_now_accounts":{"facebook_9070789419679556_1658623117598344":""},"rop_publish_now_history":[{"account":"facebook_9070789419679556_1658623117598344","service":"facebook","timestamp":1756837347,"status":"success"}],"rop_publish_now_status":"done","site-sidebar-layout":"default","site-content-layout":"","ast-site-content-layout":"default","site-content-style":"default","site-sidebar-style":"default","ast-global-header-display":"","ast-banner-title-visibility":"","ast-main-header-display":"","ast-hfb-above-header-display":"","ast-hfb-below-header-display":"","ast-hfb-mobile-header-display":"","site-post-title":"","ast-breadcrumbs-content":"","ast-featured-img":"","footer-sml-layout":"","theme-transparent-header-meta":"","adv-header-id-meta":"","stick-header-meta":"","header-above-stick-meta":"","header-main-stick-meta":"","header-below-stick-meta":"","astra-migrate-meta-layouts":"set","ast-page-background-enabled":"default","ast-page-background-meta":{"desktop":{"background-color":"var(--ast-global-color-4)","background-image":"","background-repeat":"repeat","background-position":"center center","background-size":"auto","background-attachment":"scroll","background-type":"","background-media":"","overlay-type":"","overlay-color":"","overlay-opacity":"","overlay-gradient":""},"tablet":{"background-color":"","background-image":"","background-repeat":"repeat","background-position":"center center","background-size":"auto","background-attachment":"scroll","background-type":"","background-media":"","overlay-type":"","overlay-color":"","overlay-opacity":"","overlay-gradient":""},"mobile":{"background-color":"","background-image":"","background-repeat":"repeat","background-position":"center center","background-size":"auto","background-attachment":"scroll","background-type":"","background-media":"","overlay-type":"","overlay-color":"","overlay-opacity":"","overlay-gradient":""}},"ast-content-background-meta":{"desktop":{"background-color":"var(--ast-global-color-5)","background-image":"","background-repeat":"repeat","background-position":"center center","background-size":"auto","background-attachment":"scroll","background-type":"","background-media":"","overlay-type":"","overlay-color":"","overlay-opacity":"","overlay-gradient":""},"tablet":{"background-color":"var(--ast-global-color-5)","background-image":"","background-repeat":"repeat","background-position":"center center","background-size":"auto","background-attachment":"scroll","background-type":"","background-media":"","overlay-type":"","overlay-color":"","overlay-opacity":"","overlay-gradient":""},"mobile":{"background-color":"var(--ast-global-color-5)","background-image":"","background-repeat":"repeat","background-position":"center center","background-size":"auto","background-attachment":"scroll","background-type":"","background-media":"","overlay-type":"","overlay-color":"","overlay-opacity":"","overlay-gradient":""}},"footnotes":""},"categories":[84],"tags":[],"class_list":["post-16563","post","type-post","status-publish","format-standard","has-post-thumbnail","hentry","category-politica"],"_links":{"self":[{"href":"https:\/\/alternativatvstreaming.com.br\/index.php?rest_route=\/wp\/v2\/posts\/16563","targetHints":{"allow":["GET"]}}],"collection":[{"href":"https:\/\/alternativatvstreaming.com.br\/index.php?rest_route=\/wp\/v2\/posts"}],"about":[{"href":"https:\/\/alternativatvstreaming.com.br\/index.php?rest_route=\/wp\/v2\/types\/post"}],"author":[{"embeddable":true,"href":"https:\/\/alternativatvstreaming.com.br\/index.php?rest_route=\/wp\/v2\/users\/1"}],"replies":[{"embeddable":true,"href":"https:\/\/alternativatvstreaming.com.br\/index.php?rest_route=%2Fwp%2Fv2%2Fcomments&post=16563"}],"version-history":[{"count":1,"href":"https:\/\/alternativatvstreaming.com.br\/index.php?rest_route=\/wp\/v2\/posts\/16563\/revisions"}],"predecessor-version":[{"id":16565,"href":"https:\/\/alternativatvstreaming.com.br\/index.php?rest_route=\/wp\/v2\/posts\/16563\/revisions\/16565"}],"wp:featuredmedia":[{"embeddable":true,"href":"https:\/\/alternativatvstreaming.com.br\/index.php?rest_route=\/wp\/v2\/media\/16564"}],"wp:attachment":[{"href":"https:\/\/alternativatvstreaming.com.br\/index.php?rest_route=%2Fwp%2Fv2%2Fmedia&parent=16563"}],"wp:term":[{"taxonomy":"category","embeddable":true,"href":"https:\/\/alternativatvstreaming.com.br\/index.php?rest_route=%2Fwp%2Fv2%2Fcategories&post=16563"},{"taxonomy":"post_tag","embeddable":true,"href":"https:\/\/alternativatvstreaming.com.br\/index.php?rest_route=%2Fwp%2Fv2%2Ftags&post=16563"}],"curies":[{"name":"wp","href":"https:\/\/api.w.org\/{rel}","templated":true}]}}