{"id":16601,"date":"2025-09-02T19:45:05","date_gmt":"2025-09-02T22:45:05","guid":{"rendered":"https:\/\/alternativatvstreaming.com.br\/?p=16601"},"modified":"2025-09-02T19:45:05","modified_gmt":"2025-09-02T22:45:05","slug":"rj-dobram-atendimentos-de-criancas-com-sintomas-de-covid-19-nas-upas","status":"publish","type":"post","link":"https:\/\/alternativatvstreaming.com.br\/?p=16601","title":{"rendered":"RJ: dobram atendimentos de crian\u00e7as com sintomas de covid-19 nas UPAS"},"content":{"rendered":"<\/p>\n<p><a class=\"\" href=\"https:\/\/agenciabrasil.ebc.com.br\/saude\/noticia\/2025-09\/rj-dobram-atendimentos-de-criancas-com-sintomas-de-covid-19-nas-upas\"><br \/>\n                    <img decoding=\"async\" src=\"https:\/\/cdn.jsdelivr.net\/gh\/sergiosdlima\/assets-ebc@1.0.0\/abr\/assets\/images\/logo-agenciabrasil.svg\" alt=\"Logo Ag\u00eancia Brasil\"><br \/>\n\t\t\t\t<\/a><\/p>\n<p>A Secretaria de Estado de Sa\u00fade do Rio de Janeiro (SES-RJ) divulgou nesta ter\u00e7a-feira (2)\u00a0a nova edi\u00e7\u00e3o do Panorama Covid-19, que indica aumento em tr\u00eas dos oito indicadores precoces da sa\u00fade, com\u00a0tend\u00eancia de crescimento nas \u00faltimas quatro semanas.<img decoding=\"async\" src=\"https:\/\/agenciabrasil.ebc.com.br\/ebc.png?id=1656854&#038;o=rss\"><img decoding=\"async\" src=\"https:\/\/agenciabrasil.ebc.com.br\/ebc.gif?id=1656854&#038;o=rss\"><\/p>\n<p>S\u00e3o eles: testes r\u00e1pidos de covid-19 analisados em laborat\u00f3rios particulares; n\u00famero de atendimentos de crian\u00e7as com s\u00edndrome gripal em unidades de Pronto Atendimento (UPAs) e solicita\u00e7\u00f5es de\u00a0leitos pedi\u00e1tricos.<\/p>\n<\/p>\n<h3>Not\u00edcias relacionadas:<\/h3>\n<ul>\n<li><a href=\"https:\/\/agenciabrasil.ebc.com.br\/saude\/noticia\/2025-08\/quatro-estados-apresentam-aumento-de-sindrome-respiratoria-por-covid\">Quatro estados apresentam aumento de s\u00edndrome respirat\u00f3ria por covid.<\/a><\/li>\n<li><a href=\"https:\/\/agenciabrasil.ebc.com.br\/saude\/noticia\/2025-08\/rio-de-janeiro-apresenta-queda-nos-casos-de-internacoes-por-covid-19\">Rio de Janeiro apresenta queda nos casos de interna\u00e7\u00f5es por covid-19.<\/a><\/li>\n<li><a href=\"https:\/\/agenciabrasil.ebc.com.br\/saude\/noticia\/2025-08\/rio-amplia-vacina-contra-covid-19-para-pessoas-com-baixa-imunidade\">Rio amplia vacina\u00e7\u00e3o contra covid-19 para pessoas com baixa imunidade.<\/a><\/li>\n<\/ul>\n<p>No intervalo\u00a0entre os dias 27 de julho e 2 de agosto, a <strong>taxa de positividade dos testes r\u00e1pidos analisados na rede particular de laborat\u00f3rios Dasa\u00a0era de 9,5%<\/strong>. Em agosto, entre os dias 17 e 23 de agosto, <strong>o \u00edndice subiu para 14,5%<\/strong>.<\/p>\n<p>O levantamento tamb\u00e9m aponta que, entre 27 de julho e 2 de agosto, <strong>559 crian\u00e7as buscaram atendimento numa UPA com sintomas da covid-19<\/strong>. Durante o m\u00eas de agosto, entre os dias 17 e 23, <strong>o n\u00famero passou para 1.182<\/strong>.<\/p>\n<p><a href=\"https:\/\/www.whatsapp.com\/channel\/0029VaoRTgrInlqYLSk59B2M\" target=\"_blank\">>> Siga o canal da <strong>Ag\u00eancia Brasil <\/strong>no WhatsApp<\/a><\/p>\n<p>No mesmo per\u00edodo, <strong>as solicita\u00e7\u00f5es de leitos pedi\u00e1tricos subiram de 192 para 280<\/strong>.<\/p>\n<blockquote>\n<p>\u201cDesde o in\u00edcio do ano, temos observado um predom\u00ednio da variante \u00d4micron em todas as semanas epidemiol\u00f3gicas, com a detec\u00e7\u00e3o de diferentes subvariantes. Nesse cen\u00e1rio, \u00e9 importante manter a caderneta de vacina\u00e7\u00e3o em dia\u201d, alertou a superintendente de Emerg\u00eancias em Sa\u00fade P\u00fablica do estado, Silvia Carvalho.<\/p>\n<\/blockquote>\n","protected":false},"excerpt":{"rendered":"<p>A Secretaria de Estado de Sa\u00fade do Rio de Janeiro (SES-RJ) divulgou nesta ter\u00e7a-feira (2)\u00a0a nova edi\u00e7\u00e3o do Panorama Covid-19, que indica aumento em tr\u00eas dos oito indicadores precoces da sa\u00fade, com\u00a0tend\u00eancia de crescimento nas \u00faltimas quatro semanas. S\u00e3o eles: testes r\u00e1pidos de covid-19 analisados em laborat\u00f3rios particulares; n\u00famero de atendimentos de crian\u00e7as com s\u00edndrome [&hellip;]<\/p>\n","protected":false},"author":63,"featured_media":16602,"comment_status":"open","ping_status":"open","sticky":false,"template":"","format":"standard","meta":{"rop_custom_images_group":[],"rop_custom_messages_group":[],"rop_publish_now":"initial","rop_publish_now_accounts":{"facebook_9070789419679556_1658623117598344":""},"rop_publish_now_history":[],"rop_publish_now_status":"pending","site-sidebar-layout":"default","site-content-layout":"","ast-site-content-layout":"","site-content-style":"default","site-sidebar-style":"default","ast-global-header-display":"","ast-banner-title-visibility":"","ast-main-header-display":"","ast-hfb-above-header-display":"","ast-hfb-below-header-display":"","ast-hfb-mobile-header-display":"","site-post-title":"","ast-breadcrumbs-content":"","ast-featured-img":"","footer-sml-layout":"","theme-transparent-header-meta":"","adv-header-id-meta":"","stick-header-meta":"","header-above-stick-meta":"","header-main-stick-meta":"","header-below-stick-meta":"","astra-migrate-meta-layouts":"default","ast-page-background-enabled":"default","ast-page-background-meta":{"desktop":{"background-color":"var(--ast-global-color-4)","background-image":"","background-repeat":"repeat","background-position":"center center","background-size":"auto","background-attachment":"scroll","background-type":"","background-media":"","overlay-type":"","overlay-color":"","overlay-opacity":"","overlay-gradient":""},"tablet":{"background-color":"","background-image":"","background-repeat":"repeat","background-position":"center center","background-size":"auto","background-attachment":"scroll","background-type":"","background-media":"","overlay-type":"","overlay-color":"","overlay-opacity":"","overlay-gradient":""},"mobile":{"background-color":"","background-image":"","background-repeat":"repeat","background-position":"center center","background-size":"auto","background-attachment":"scroll","background-type":"","background-media":"","overlay-type":"","overlay-color":"","overlay-opacity":"","overlay-gradient":""}},"ast-content-background-meta":{"desktop":{"background-color":"var(--ast-global-color-5)","background-image":"","background-repeat":"repeat","background-position":"center center","background-size":"auto","background-attachment":"scroll","background-type":"","background-media":"","overlay-type":"","overlay-color":"","overlay-opacity":"","overlay-gradient":""},"tablet":{"background-color":"var(--ast-global-color-5)","background-image":"","background-repeat":"repeat","background-position":"center center","background-size":"auto","background-attachment":"scroll","background-type":"","background-media":"","overlay-type":"","overlay-color":"","overlay-opacity":"","overlay-gradient":""},"mobile":{"background-color":"var(--ast-global-color-5)","background-image":"","background-repeat":"repeat","background-position":"center center","background-size":"auto","background-attachment":"scroll","background-type":"","background-media":"","overlay-type":"","overlay-color":"","overlay-opacity":"","overlay-gradient":""}},"footnotes":""},"categories":[46],"tags":[],"class_list":["post-16601","post","type-post","status-publish","format-standard","has-post-thumbnail","hentry","category-saude"],"_links":{"self":[{"href":"https:\/\/alternativatvstreaming.com.br\/index.php?rest_route=\/wp\/v2\/posts\/16601","targetHints":{"allow":["GET"]}}],"collection":[{"href":"https:\/\/alternativatvstreaming.com.br\/index.php?rest_route=\/wp\/v2\/posts"}],"about":[{"href":"https:\/\/alternativatvstreaming.com.br\/index.php?rest_route=\/wp\/v2\/types\/post"}],"author":[{"embeddable":true,"href":"https:\/\/alternativatvstreaming.com.br\/index.php?rest_route=\/wp\/v2\/users\/63"}],"replies":[{"embeddable":true,"href":"https:\/\/alternativatvstreaming.com.br\/index.php?rest_route=%2Fwp%2Fv2%2Fcomments&post=16601"}],"version-history":[{"count":0,"href":"https:\/\/alternativatvstreaming.com.br\/index.php?rest_route=\/wp\/v2\/posts\/16601\/revisions"}],"wp:featuredmedia":[{"embeddable":true,"href":"https:\/\/alternativatvstreaming.com.br\/index.php?rest_route=\/wp\/v2\/media\/16602"}],"wp:attachment":[{"href":"https:\/\/alternativatvstreaming.com.br\/index.php?rest_route=%2Fwp%2Fv2%2Fmedia&parent=16601"}],"wp:term":[{"taxonomy":"category","embeddable":true,"href":"https:\/\/alternativatvstreaming.com.br\/index.php?rest_route=%2Fwp%2Fv2%2Fcategories&post=16601"},{"taxonomy":"post_tag","embeddable":true,"href":"https:\/\/alternativatvstreaming.com.br\/index.php?rest_route=%2Fwp%2Fv2%2Ftags&post=16601"}],"curies":[{"name":"wp","href":"https:\/\/api.w.org\/{rel}","templated":true}]}}