{"id":16846,"date":"2025-09-05T20:41:55","date_gmt":"2025-09-05T23:41:55","guid":{"rendered":"https:\/\/alternativatvstreaming.com.br\/?p=16846"},"modified":"2025-09-05T20:41:55","modified_gmt":"2025-09-05T23:41:55","slug":"policia-militar-antecipa-inicio-da-operacao-verao-no-rio","status":"publish","type":"post","link":"https:\/\/alternativatvstreaming.com.br\/?p=16846","title":{"rendered":"Pol\u00edcia Militar antecipa in\u00edcio da Opera\u00e7\u00e3o Ver\u00e3o no Rio"},"content":{"rendered":"<\/p>\n<p><a class=\"\" href=\"https:\/\/agenciabrasil.ebc.com.br\/geral\/noticia\/2025-09\/policia-militar-antecipa-inicio-da-operacao-verao-no-rio\"><br \/>\n                    <img decoding=\"async\" src=\"https:\/\/cdn.jsdelivr.net\/gh\/sergiosdlima\/assets-ebc@1.0.0\/abr\/assets\/images\/logo-agenciabrasil.svg\" alt=\"Logo Ag\u00eancia Brasil\"><br \/>\n\t\t\t\t<\/a><\/p>\n<p>Para garantir a seguran\u00e7a de moradores e turistas, <strong>a Pol\u00edcia Militar antecipou a Opera\u00e7\u00e3o Ver\u00e3o 2025\/2026 para este fim de semana.<\/strong> <strong>Ser\u00e3o empregados, diariamente, 1.380 policiais militares, com aten\u00e7\u00e3o especial \u00e0 orla da capital e \u00e0s cidades litor\u00e2neas, al\u00e9m das vias expressas e rodovias de acesso aos munic\u00edpios com maior movimento\u00a0tur\u00edstico.<\/strong><img decoding=\"async\" src=\"https:\/\/agenciabrasil.ebc.com.br\/ebc.png?id=1657291&#038;o=rss\"><img decoding=\"async\" src=\"https:\/\/agenciabrasil.ebc.com.br\/ebc.gif?id=1657291&#038;o=rss\"><\/p>\n<p>Como parte do planejamento, a Pol\u00edcia Militar\u00a0realizou uma reuni\u00e3o de alinhamento envolvendo v\u00e1rios \u00f3rg\u00e3os municipais, com a finalidade de evitar epis\u00f3dios de depreda\u00e7\u00e3o em \u00f4nibus, al\u00e9m de roubos e furtos, nos hor\u00e1rios de sa\u00edda das praias da cidade.<\/p>\n<\/p>\n<h3>Not\u00edcias relacionadas:<\/h3>\n<ul>\n<li><a href=\"https:\/\/agenciabrasil.ebc.com.br\/geral\/noticia\/2025-09\/seis-pessoas-morrem-em-operacao-contra-terceiro-comando-puro\">Seis pessoas morrem em opera\u00e7\u00e3o contra o Terceiro Comando Puro no Rio.<\/a><\/li>\n<li><a href=\"https:\/\/agenciabrasil.ebc.com.br\/geral\/noticia\/2025-09\/rio-de-janeiro-inaugura-sede-da-guarda-municipal-armada\">Rio de Janeiro inaugura sede da Guarda Municipal Armada.<\/a><\/li>\n<\/ul>\n<p>Al\u00e9m da amplia\u00e7\u00e3o do uso de tecnologias de monitoramento, <strong>a a\u00e7\u00e3o contar\u00e1 com equipes multidisciplinares, empregadas como parte do protocolo de abordagens a crian\u00e7as e adolescentes<\/strong>. Esse protocolo foi pactuado entre as for\u00e7as de seguran\u00e7a do estado, \u00f3rg\u00e3os municipais, Minist\u00e9rio P\u00fablico, Defensoria P\u00fablica e entidades representativas da sociedade civil.<\/p>\n<blockquote>\n<p>\u201cNosso compromisso \u00e9 garantir que moradores e turistas possam aproveitar a temporada de ver\u00e3o com tranquilidade. Estamos ampliando o uso da tecnologia e refor\u00e7ando a integra\u00e7\u00e3o com diferentes institui\u00e7\u00f5es para oferecer mais seguran\u00e7a em todo o estado\u201d, afirmou o secret\u00e1rio de Pol\u00edcia Militar, coronel Marcelo de Menezes Nogueira.<\/p>\n<\/blockquote>\n<p>Segundo o secret\u00e1rio, a estrat\u00e9gia da Opera\u00e7\u00e3o Ver\u00e3o refor\u00e7a o car\u00e1ter preventivo das a\u00e7\u00f5es, priorizando a prote\u00e7\u00e3o da popula\u00e7\u00e3o. \u201cA integra\u00e7\u00e3o entre for\u00e7as de seguran\u00e7a, \u00f3rg\u00e3os municipais e entidades da sociedade civil \u00e9 fundamental para alcan\u00e7ar resultados mais eficazes\u201d, explicou.<\/p>\n<h2>Patrulhamento<\/h2>\n<p><strong>Em toda a faixa litor\u00e2nea do estado, o patrulhamento ser\u00e1 realizado com viaturas, motocicletas e quadriciclos circulando tamb\u00e9m pela areia<\/strong>. Nas praias mais movimentadas, haver\u00e1 tendas como pontos de apoio aos policiais e de refer\u00eancia para a popula\u00e7\u00e3o.<\/p>\n<p>Na capital, o policiamento ficar\u00e1 mais concentrado na \u00e1rea entre o Leme e o Pontal, com a utiliza\u00e7\u00e3o de cavalos do Regimento de Pol\u00edcia Montada (RPMont) e do Batalh\u00e3o de A\u00e7\u00f5es com C\u00e3es.<\/p>\n<p>Ao longo dessas vias, os \u00f4nibus que se dirigem \u00e0 orla ser\u00e3o monitorados e poder\u00e3o ser interceptados caso sejam identificadas a\u00e7\u00f5es que coloquem em risco a seguran\u00e7a no transporte p\u00fablico. Haver\u00e1, ainda, opera\u00e7\u00f5es nos terminais de \u00f4nibus e esta\u00e7\u00f5es do Metr\u00f4.<\/p>\n","protected":false},"excerpt":{"rendered":"<p>Para garantir a seguran\u00e7a de moradores e turistas, a Pol\u00edcia Militar antecipou a Opera\u00e7\u00e3o Ver\u00e3o 2025\/2026 para este fim de semana. Ser\u00e3o empregados, diariamente, 1.380 policiais militares, com aten\u00e7\u00e3o especial \u00e0 orla da capital e \u00e0s cidades litor\u00e2neas, al\u00e9m das vias expressas e rodovias de acesso aos munic\u00edpios com maior movimento\u00a0tur\u00edstico. Como parte do planejamento, [&hellip;]<\/p>\n","protected":false},"author":63,"featured_media":16847,"comment_status":"open","ping_status":"open","sticky":false,"template":"","format":"standard","meta":{"rop_custom_images_group":[],"rop_custom_messages_group":[],"rop_publish_now":"initial","rop_publish_now_accounts":{"facebook_9070789419679556_1658623117598344":""},"rop_publish_now_history":[],"rop_publish_now_status":"pending","site-sidebar-layout":"default","site-content-layout":"","ast-site-content-layout":"","site-content-style":"default","site-sidebar-style":"default","ast-global-header-display":"","ast-banner-title-visibility":"","ast-main-header-display":"","ast-hfb-above-header-display":"","ast-hfb-below-header-display":"","ast-hfb-mobile-header-display":"","site-post-title":"","ast-breadcrumbs-content":"","ast-featured-img":"","footer-sml-layout":"","theme-transparent-header-meta":"","adv-header-id-meta":"","stick-header-meta":"","header-above-stick-meta":"","header-main-stick-meta":"","header-below-stick-meta":"","astra-migrate-meta-layouts":"default","ast-page-background-enabled":"default","ast-page-background-meta":{"desktop":{"background-color":"var(--ast-global-color-4)","background-image":"","background-repeat":"repeat","background-position":"center center","background-size":"auto","background-attachment":"scroll","background-type":"","background-media":"","overlay-type":"","overlay-color":"","overlay-opacity":"","overlay-gradient":""},"tablet":{"background-color":"","background-image":"","background-repeat":"repeat","background-position":"center center","background-size":"auto","background-attachment":"scroll","background-type":"","background-media":"","overlay-type":"","overlay-color":"","overlay-opacity":"","overlay-gradient":""},"mobile":{"background-color":"","background-image":"","background-repeat":"repeat","background-position":"center center","background-size":"auto","background-attachment":"scroll","background-type":"","background-media":"","overlay-type":"","overlay-color":"","overlay-opacity":"","overlay-gradient":""}},"ast-content-background-meta":{"desktop":{"background-color":"var(--ast-global-color-5)","background-image":"","background-repeat":"repeat","background-position":"center center","background-size":"auto","background-attachment":"scroll","background-type":"","background-media":"","overlay-type":"","overlay-color":"","overlay-opacity":"","overlay-gradient":""},"tablet":{"background-color":"var(--ast-global-color-5)","background-image":"","background-repeat":"repeat","background-position":"center center","background-size":"auto","background-attachment":"scroll","background-type":"","background-media":"","overlay-type":"","overlay-color":"","overlay-opacity":"","overlay-gradient":""},"mobile":{"background-color":"var(--ast-global-color-5)","background-image":"","background-repeat":"repeat","background-position":"center center","background-size":"auto","background-attachment":"scroll","background-type":"","background-media":"","overlay-type":"","overlay-color":"","overlay-opacity":"","overlay-gradient":""}},"footnotes":""},"categories":[4],"tags":[],"class_list":["post-16846","post","type-post","status-publish","format-standard","has-post-thumbnail","hentry","category-brasil"],"_links":{"self":[{"href":"https:\/\/alternativatvstreaming.com.br\/index.php?rest_route=\/wp\/v2\/posts\/16846","targetHints":{"allow":["GET"]}}],"collection":[{"href":"https:\/\/alternativatvstreaming.com.br\/index.php?rest_route=\/wp\/v2\/posts"}],"about":[{"href":"https:\/\/alternativatvstreaming.com.br\/index.php?rest_route=\/wp\/v2\/types\/post"}],"author":[{"embeddable":true,"href":"https:\/\/alternativatvstreaming.com.br\/index.php?rest_route=\/wp\/v2\/users\/63"}],"replies":[{"embeddable":true,"href":"https:\/\/alternativatvstreaming.com.br\/index.php?rest_route=%2Fwp%2Fv2%2Fcomments&post=16846"}],"version-history":[{"count":0,"href":"https:\/\/alternativatvstreaming.com.br\/index.php?rest_route=\/wp\/v2\/posts\/16846\/revisions"}],"wp:featuredmedia":[{"embeddable":true,"href":"https:\/\/alternativatvstreaming.com.br\/index.php?rest_route=\/wp\/v2\/media\/16847"}],"wp:attachment":[{"href":"https:\/\/alternativatvstreaming.com.br\/index.php?rest_route=%2Fwp%2Fv2%2Fmedia&parent=16846"}],"wp:term":[{"taxonomy":"category","embeddable":true,"href":"https:\/\/alternativatvstreaming.com.br\/index.php?rest_route=%2Fwp%2Fv2%2Fcategories&post=16846"},{"taxonomy":"post_tag","embeddable":true,"href":"https:\/\/alternativatvstreaming.com.br\/index.php?rest_route=%2Fwp%2Fv2%2Ftags&post=16846"}],"curies":[{"name":"wp","href":"https:\/\/api.w.org\/{rel}","templated":true}]}}