{"id":17046,"date":"2025-09-09T14:43:04","date_gmt":"2025-09-09T17:43:04","guid":{"rendered":"https:\/\/alternativatvstreaming.com.br\/?p=17046"},"modified":"2025-09-09T14:43:04","modified_gmt":"2025-09-09T17:43:04","slug":"exportacoes-de-veiculos-automotores-tem-alta-em-agosto","status":"publish","type":"post","link":"https:\/\/alternativatvstreaming.com.br\/?p=17046","title":{"rendered":"Exporta\u00e7\u00f5es de ve\u00edculos automotores tem alta em agosto"},"content":{"rendered":"<\/p>\n<p><a class=\"\" href=\"https:\/\/agenciabrasil.ebc.com.br\/economia\/noticia\/2025-09\/exportacoes-de-veiculos-automotores-tem-alta-em-agosto\"><br \/>\n                    <img decoding=\"async\" src=\"https:\/\/cdn.jsdelivr.net\/gh\/sergiosdlima\/assets-ebc@1.0.0\/abr\/assets\/images\/logo-agenciabrasil.svg\" alt=\"Logo Ag\u00eancia Brasil\"><br \/>\n\t\t\t\t<\/a><\/p>\n<p>Balan\u00e7o da Associa\u00e7\u00e3o Nacional dos Fabricantes de Ve\u00edculos Automotores (Anfavea), divulgado na manh\u00e3 desta ter\u00e7a-feira (9), mostrou que houve exporta\u00e7\u00e3o de 57,1 mil unidades em agosto deste ano. O <strong>volume representa uma alta de 19,3% sobre julho e de 49,3% sobre o mesmo m\u00eas do ano passado.<\/strong><img decoding=\"async\" src=\"https:\/\/agenciabrasil.ebc.com.br\/ebc.png?id=1657847&#038;o=rss\"><img decoding=\"async\" src=\"https:\/\/agenciabrasil.ebc.com.br\/ebc.gif?id=1657847&#038;o=rss\"><\/p>\n<p>O <strong>acumulado de janeiro a agosto somou 313,3 mil unidades, 12,1% acima das exporta\u00e7\u00f5es nos primeiros oito meses de 2024. <\/strong><\/p>\n<blockquote>\n<h3>Not\u00edcias relacionadas:<\/h3>\n<ul>\n<li><a href=\"https:\/\/agenciabrasil.ebc.com.br\/economia\/noticia\/2025-08\/vendas-de-veiculos-com-motores-10-crescem-1135-em-julho\">Vendas de ve\u00edculos com motores 1.0 crescem 11,35% em julho.<\/a><\/li>\n<li><a href=\"https:\/\/agenciabrasil.ebc.com.br\/economia\/noticia\/2025-07\/producao-de-veiculos-cresce-78-no-primeiro-semestre-diz-anfavea\">Produ\u00e7\u00e3o de ve\u00edculos cresce 7,8% no primeiro semestre, diz Anfavea.<\/a><\/li>\n<li><a href=\"https:\/\/agenciabrasil.ebc.com.br\/economia\/noticia\/2025-07\/vendas-de-veiculos-novos-recua-em-junho-mas-cresce-48-semestre\">Vendas de ve\u00edculos novos recuam em junho, mas crescem 4,8% semestre.<\/a><\/li>\n<\/ul>\n<p>\u201cO crescimento da nossa produ\u00e7\u00e3o nos \u00faltimos meses decorre da maior presen\u00e7a de nossas associadas no mercado externo\u201d, disse, em nota, Igor Calvet, presidente da Anfavea.\u00a0\n<\/p><\/blockquote>\n<p><strong>Em agosto, as f\u00e1bricas brasileiras produziram 247 mil autove\u00edculos, o que significa um aumento de 3% em rela\u00e7\u00e3o ao m\u00eas anterior e uma queda de 4,8% ante agosto do ano passado. No ano, s\u00e3o 1,743 milh\u00e3o de unidades produzidas, alta de 6% sobre 2024.<\/strong><\/p>\n<p><a href=\"https:\/\/www.whatsapp.com\/channel\/0029VaoRTgrInlqYLSk59B2M\" target=\"_blank\">>> Siga o canal da <strong>Ag\u00eancia Brasil <\/strong>no WhatsApp<\/a><\/p>\n<p>Em agosto, o total de emplacamentos foi de 225,4 mil autove\u00edculos. <strong>O acumulado de emplacamentos deste ano \u00e9 1,668 milh\u00e3o de autove\u00edculos, 2,8% a mais do que nos primeiros oito meses de 2024.<\/strong><\/p>\n<p>As <strong>vendas de modelos nacionais no varejo ca\u00edram 9,3% no ano, ante um crescimento de 17,3% dos importados.<\/strong> Mesmo nas vendas diretas, os nacionais cresceram 12,4%, abaixo dos 13,8% de alta dos estrangeiros.<\/p>\n<p><strong>Houve crescimento dos emplacamentos de modelos eletrificados nacionais: eles representaram 25% das vendas totais de h\u00edbridos e el\u00e9tricos no ano.<\/strong><\/p>\n<p>Segundo a Anfavea, entre todos os segmentos de autove\u00edculos, o que mais sofre os efeitos dos juros elevados, da alta inadimpl\u00eancia e da desacelera\u00e7\u00e3o da atividade econ\u00f4mica \u00e9 o de caminh\u00f5es. Em agosto, pela primeira vez houve queda na produ\u00e7\u00e3o acumulada em rela\u00e7\u00e3o a 2024.<\/p>\n<blockquote>\n<p>\u201cO recuo \u00e9 apenas 1%, mas indica uma invers\u00e3o da curva de crescimento que se mantinha ao longo dos primeiros sete meses do ano\u201d, informou a entidade.<\/p>\n<\/blockquote>\n<p>\u00a0<\/p>\n","protected":false},"excerpt":{"rendered":"<p>Balan\u00e7o da Associa\u00e7\u00e3o Nacional dos Fabricantes de Ve\u00edculos Automotores (Anfavea), divulgado na manh\u00e3 desta ter\u00e7a-feira (9), mostrou que houve exporta\u00e7\u00e3o de 57,1 mil unidades em agosto deste ano. O volume representa uma alta de 19,3% sobre julho e de 49,3% sobre o mesmo m\u00eas do ano passado. O acumulado de janeiro a agosto somou 313,3 [&hellip;]<\/p>\n","protected":false},"author":4,"featured_media":17047,"comment_status":"open","ping_status":"open","sticky":false,"template":"","format":"standard","meta":{"rop_custom_images_group":[],"rop_custom_messages_group":[],"rop_publish_now":"initial","rop_publish_now_accounts":{"facebook_9070789419679556_1658623117598344":""},"rop_publish_now_history":[],"rop_publish_now_status":"pending","site-sidebar-layout":"default","site-content-layout":"","ast-site-content-layout":"","site-content-style":"default","site-sidebar-style":"default","ast-global-header-display":"","ast-banner-title-visibility":"","ast-main-header-display":"","ast-hfb-above-header-display":"","ast-hfb-below-header-display":"","ast-hfb-mobile-header-display":"","site-post-title":"","ast-breadcrumbs-content":"","ast-featured-img":"","footer-sml-layout":"","theme-transparent-header-meta":"","adv-header-id-meta":"","stick-header-meta":"","header-above-stick-meta":"","header-main-stick-meta":"","header-below-stick-meta":"","astra-migrate-meta-layouts":"default","ast-page-background-enabled":"default","ast-page-background-meta":{"desktop":{"background-color":"var(--ast-global-color-4)","background-image":"","background-repeat":"repeat","background-position":"center center","background-size":"auto","background-attachment":"scroll","background-type":"","background-media":"","overlay-type":"","overlay-color":"","overlay-opacity":"","overlay-gradient":""},"tablet":{"background-color":"","background-image":"","background-repeat":"repeat","background-position":"center center","background-size":"auto","background-attachment":"scroll","background-type":"","background-media":"","overlay-type":"","overlay-color":"","overlay-opacity":"","overlay-gradient":""},"mobile":{"background-color":"","background-image":"","background-repeat":"repeat","background-position":"center center","background-size":"auto","background-attachment":"scroll","background-type":"","background-media":"","overlay-type":"","overlay-color":"","overlay-opacity":"","overlay-gradient":""}},"ast-content-background-meta":{"desktop":{"background-color":"var(--ast-global-color-5)","background-image":"","background-repeat":"repeat","background-position":"center center","background-size":"auto","background-attachment":"scroll","background-type":"","background-media":"","overlay-type":"","overlay-color":"","overlay-opacity":"","overlay-gradient":""},"tablet":{"background-color":"var(--ast-global-color-5)","background-image":"","background-repeat":"repeat","background-position":"center center","background-size":"auto","background-attachment":"scroll","background-type":"","background-media":"","overlay-type":"","overlay-color":"","overlay-opacity":"","overlay-gradient":""},"mobile":{"background-color":"var(--ast-global-color-5)","background-image":"","background-repeat":"repeat","background-position":"center center","background-size":"auto","background-attachment":"scroll","background-type":"","background-media":"","overlay-type":"","overlay-color":"","overlay-opacity":"","overlay-gradient":""}},"footnotes":""},"categories":[37],"tags":[],"class_list":["post-17046","post","type-post","status-publish","format-standard","has-post-thumbnail","hentry","category-negocios"],"_links":{"self":[{"href":"https:\/\/alternativatvstreaming.com.br\/index.php?rest_route=\/wp\/v2\/posts\/17046","targetHints":{"allow":["GET"]}}],"collection":[{"href":"https:\/\/alternativatvstreaming.com.br\/index.php?rest_route=\/wp\/v2\/posts"}],"about":[{"href":"https:\/\/alternativatvstreaming.com.br\/index.php?rest_route=\/wp\/v2\/types\/post"}],"author":[{"embeddable":true,"href":"https:\/\/alternativatvstreaming.com.br\/index.php?rest_route=\/wp\/v2\/users\/4"}],"replies":[{"embeddable":true,"href":"https:\/\/alternativatvstreaming.com.br\/index.php?rest_route=%2Fwp%2Fv2%2Fcomments&post=17046"}],"version-history":[{"count":0,"href":"https:\/\/alternativatvstreaming.com.br\/index.php?rest_route=\/wp\/v2\/posts\/17046\/revisions"}],"wp:featuredmedia":[{"embeddable":true,"href":"https:\/\/alternativatvstreaming.com.br\/index.php?rest_route=\/wp\/v2\/media\/17047"}],"wp:attachment":[{"href":"https:\/\/alternativatvstreaming.com.br\/index.php?rest_route=%2Fwp%2Fv2%2Fmedia&parent=17046"}],"wp:term":[{"taxonomy":"category","embeddable":true,"href":"https:\/\/alternativatvstreaming.com.br\/index.php?rest_route=%2Fwp%2Fv2%2Fcategories&post=17046"},{"taxonomy":"post_tag","embeddable":true,"href":"https:\/\/alternativatvstreaming.com.br\/index.php?rest_route=%2Fwp%2Fv2%2Ftags&post=17046"}],"curies":[{"name":"wp","href":"https:\/\/api.w.org\/{rel}","templated":true}]}}