{"id":17064,"date":"2025-09-09T17:43:17","date_gmt":"2025-09-09T20:43:17","guid":{"rendered":"https:\/\/alternativatvstreaming.com.br\/?p=17064"},"modified":"2025-09-09T17:43:17","modified_gmt":"2025-09-09T20:43:17","slug":"governo-regulamenta-indenizacao-e-pensao-a-vitimas-do-virus-zika","status":"publish","type":"post","link":"https:\/\/alternativatvstreaming.com.br\/?p=17064","title":{"rendered":"Governo regulamenta indeniza\u00e7\u00e3o e pens\u00e3o a v\u00edtimas do v\u00edrus Zika"},"content":{"rendered":"<\/p>\n<p><a class=\"\" href=\"https:\/\/agenciabrasil.ebc.com.br\/saude\/noticia\/2025-09\/governo-regulamenta-indenizacao-e-pensao-vitimas-do-virus-zika\"><br \/>\n                    <img decoding=\"async\" src=\"https:\/\/cdn.jsdelivr.net\/gh\/sergiosdlima\/assets-ebc@1.0.0\/abr\/assets\/images\/logo-agenciabrasil.svg\" alt=\"Logo Ag\u00eancia Brasil\"><br \/>\n\t\t\t\t<\/a><\/p>\n<p>O Minist\u00e9rio da Previd\u00eancia Social e o Instituto Nacional do Seguro Social (INSS) regulamentaram, por meio de uma portaria conjunta, o <strong>pagamento de indeniza\u00e7\u00e3o e pens\u00e3o especial a pessoas com defici\u00eancia permanente causada pela s\u00edndrome cong\u00eanita associada ao <em>v\u00edrus Zika<\/em>.<\/strong><img decoding=\"async\" src=\"https:\/\/agenciabrasil.ebc.com.br\/ebc.png?id=1657910&#038;o=rss\"><img decoding=\"async\" src=\"https:\/\/agenciabrasil.ebc.com.br\/ebc.gif?id=1657910&#038;o=rss\"><\/p>\n<p>Publicada no <em>Di\u00e1rio Oficial da Uni\u00e3o <\/em>desta segunda-feira (8), a <a href=\"https:\/\/www.in.gov.br\/en\/web\/dou\/-\/portaria-conjunta-mps\/inss-n-69-de-8-de-setembro-de-2025-653883557\" target=\"_blank\">Portaria Conjunta n\u00ba 69<\/a>\u00a0estabelece uma <strong>indeniza\u00e7\u00e3o por dano moral de R$ 50 mil \u2013 valor que ser\u00e1 corrigido pelo \u00cdndice Nacional de Pre\u00e7os ao Consumidor (Inpc) calculado entre 2 de julho deste ano e a efetiva data do pagamento da indeniza\u00e7\u00e3o.<\/strong><\/p>\n<\/p>\n<h3>Not\u00edcias relacionadas:<\/h3>\n<ul>\n<li><a href=\"https:\/\/agenciabrasil.ebc.com.br\/justica\/noticia\/2025-08\/dino-garante-pagamento-de-auxilio-para-vitimas-do-virus-zika\">Dino garante pagamento de aux\u00edlio para v\u00edtimas do v\u00edrus Zika .<\/a><\/li>\n<li><a href=\"https:\/\/agenciabrasil.ebc.com.br\/saude\/noticia\/2024-06\/virus-zika-pode-voltar-se-replicar-apos-recuperacao-aponta-estudo\">V\u00edrus zika pode voltar a se replicar ap\u00f3s recupera\u00e7\u00e3o, aponta estudo.<\/a><\/li>\n<\/ul>\n<p>O texto tamb\u00e9m define a obrigatoriedade do INSS pagar \u00e0s pessoas nascidas com defici\u00eancia permanente decorrente de <strong>s\u00edndrome cong\u00eanita associada \u00e0 infec\u00e7\u00e3o pelo v\u00edrus Zika uma pens\u00e3o especial, mensal e vital\u00edcia equivalente ao teto dos benef\u00edcios pagos pela <a href=\"https:\/\/agenciabrasil.ebc.com.br\/economia\/noticia\/2025-01\/teto-do-inss-sobe-para-r-815740-em-2025\" target=\"_blank\">Previd\u00eancia Social \u2013 hoje, R$ 8.157,40<\/a>.<\/strong><\/p>\n<p><strong>Tanto a indeniza\u00e7\u00e3o quanto a pens\u00e3o especial ser\u00e3o isentas da cobran\u00e7a de Imposto de Renda.<\/strong> Al\u00e9m disso, a pens\u00e3o especial poder\u00e1 ser acumulada com outras indeniza\u00e7\u00f5es por dano moral concedidas por meio de lei espec\u00edfica; com o Benef\u00edcio de Presta\u00e7\u00e3o Continuada (BPC). A comprova\u00e7\u00e3o da condi\u00e7\u00e3o de sa\u00fade ser\u00e1 feita por meio de laudo de junta m\u00e9dica, que ser\u00e1 analisado pela Per\u00edcia M\u00e9dica Federal.<\/p>\n<p>A <a href=\"https:\/\/www.planalto.gov.br\/ccivil_03\/_ato2023-2026\/2025\/lei\/l15156.htm\" target=\"_blank\">medida atende \u00e0 Lei n\u00ba 15.156<\/a>, em virtude da qual foi definida a data da retroatividade da indeniza\u00e7\u00e3o. A lei foi promulgada em 2 de julho deste ano, ap\u00f3s o Congresso Nacional derrubar o veto presidencial ao Projeto de Lei (PL) 6.604\/2023.<\/p>\n<p><a href=\"https:\/\/www.whatsapp.com\/channel\/0029VaoRTgrInlqYLSk59B2M\" target=\"_blank\">>> Siga o canal da <strong>Ag\u00eancia Brasil <\/strong>no WhatsApp<\/a><\/p>\n<p>Com a derrubada do veto e a convers\u00e3o do PL 6.604 na Lei 15.156, determinando o pagamento de aux\u00edlios financeiros \u00e0s v\u00edtimas do <em>v\u00edrus Zika<\/em>, a Advocacia-Geral da Uni\u00e3o (AGU) pediu ao Supremo Tribunal Federal (STF) que reconhecesse, em car\u00e1ter excepcional, a possibilidade jur\u00eddica da Uni\u00e3o implementar e conceder os benef\u00edcios. A peti\u00e7\u00e3o foi endere\u00e7ada ao ministro Fl\u00e1vio Dino, relator de um mandado de seguran\u00e7a apresentado pela fam\u00edlia de uma crian\u00e7a que, a depender da resposta do STF, teria direito a receber, da Uni\u00e3o, a indeniza\u00e7\u00e3o e a pens\u00e3o especial.<\/p>\n<p>No in\u00edcio do m\u00eas passado, Dino acolheu o pedido da AGU, determinando que a Uni\u00e3o cumpra o estabelecido na Lei 15.156, assegurando aux\u00edlio financeiro a cerca de 3 mil crian\u00e7as v\u00edtimas do <em>v\u00edrus Zika<\/em>. Em sua decis\u00e3o, o ministro destacou o quadro de vulnerabilidade social e que aceitar o pedido da AGU \u201cn\u00e3o implica dispensa de atendimento, pelo Congresso Nacional e pelo Poder Executivo, das regras fiscais\u201d.<\/p>\n<p>Entre 2015 e 2016, o Brasil enfrentou um surto de Zika, uma virose transmitida por meio da picada do mosquito <em>Aedes aegytpi<\/em> e que despertou a aten\u00e7\u00e3o da comunidade cient\u00edfica e da popula\u00e7\u00e3o em geral ao ser associada ao aumento de casos de microcefalia e outros quadros neurol\u00f3gicos graves, especialmente em estados do Nordeste, como Pernambuco e Para\u00edba.\u00a0<\/p>\n<p>Em fevereiro de 2016, a Organiza\u00e7\u00e3o Mundial da Sa\u00fade (OMS) chegou a classificar a epidemia como uma Emerg\u00eancia de Sa\u00fade P\u00fablico de Import\u00e2ncia Internacional. Passado algum tempo, o n\u00famero de casos e o espa\u00e7o dedicado ao tema pela m\u00eddia come\u00e7aram a diminuir, embora as crian\u00e7as afetadas pela s\u00edndrome cong\u00eanita e suas fam\u00edlias continuem enfrentando uma dura rotina de cuidados especiais.<\/p>\n<p>\u00a0<\/p>\n","protected":false},"excerpt":{"rendered":"<p>O Minist\u00e9rio da Previd\u00eancia Social e o Instituto Nacional do Seguro Social (INSS) regulamentaram, por meio de uma portaria conjunta, o pagamento de indeniza\u00e7\u00e3o e pens\u00e3o especial a pessoas com defici\u00eancia permanente causada pela s\u00edndrome cong\u00eanita associada ao v\u00edrus Zika. Publicada no Di\u00e1rio Oficial da Uni\u00e3o desta segunda-feira (8), a Portaria Conjunta n\u00ba 69\u00a0estabelece uma [&hellip;]<\/p>\n","protected":false},"author":75,"featured_media":17065,"comment_status":"open","ping_status":"open","sticky":false,"template":"","format":"standard","meta":{"rop_custom_images_group":[],"rop_custom_messages_group":[],"rop_publish_now":"initial","rop_publish_now_accounts":{"facebook_9070789419679556_1658623117598344":""},"rop_publish_now_history":[],"rop_publish_now_status":"pending","site-sidebar-layout":"default","site-content-layout":"","ast-site-content-layout":"","site-content-style":"default","site-sidebar-style":"default","ast-global-header-display":"","ast-banner-title-visibility":"","ast-main-header-display":"","ast-hfb-above-header-display":"","ast-hfb-below-header-display":"","ast-hfb-mobile-header-display":"","site-post-title":"","ast-breadcrumbs-content":"","ast-featured-img":"","footer-sml-layout":"","theme-transparent-header-meta":"","adv-header-id-meta":"","stick-header-meta":"","header-above-stick-meta":"","header-main-stick-meta":"","header-below-stick-meta":"","astra-migrate-meta-layouts":"default","ast-page-background-enabled":"default","ast-page-background-meta":{"desktop":{"background-color":"var(--ast-global-color-4)","background-image":"","background-repeat":"repeat","background-position":"center center","background-size":"auto","background-attachment":"scroll","background-type":"","background-media":"","overlay-type":"","overlay-color":"","overlay-opacity":"","overlay-gradient":""},"tablet":{"background-color":"","background-image":"","background-repeat":"repeat","background-position":"center center","background-size":"auto","background-attachment":"scroll","background-type":"","background-media":"","overlay-type":"","overlay-color":"","overlay-opacity":"","overlay-gradient":""},"mobile":{"background-color":"","background-image":"","background-repeat":"repeat","background-position":"center center","background-size":"auto","background-attachment":"scroll","background-type":"","background-media":"","overlay-type":"","overlay-color":"","overlay-opacity":"","overlay-gradient":""}},"ast-content-background-meta":{"desktop":{"background-color":"var(--ast-global-color-5)","background-image":"","background-repeat":"repeat","background-position":"center center","background-size":"auto","background-attachment":"scroll","background-type":"","background-media":"","overlay-type":"","overlay-color":"","overlay-opacity":"","overlay-gradient":""},"tablet":{"background-color":"var(--ast-global-color-5)","background-image":"","background-repeat":"repeat","background-position":"center center","background-size":"auto","background-attachment":"scroll","background-type":"","background-media":"","overlay-type":"","overlay-color":"","overlay-opacity":"","overlay-gradient":""},"mobile":{"background-color":"var(--ast-global-color-5)","background-image":"","background-repeat":"repeat","background-position":"center center","background-size":"auto","background-attachment":"scroll","background-type":"","background-media":"","overlay-type":"","overlay-color":"","overlay-opacity":"","overlay-gradient":""}},"footnotes":""},"categories":[46],"tags":[],"class_list":["post-17064","post","type-post","status-publish","format-standard","has-post-thumbnail","hentry","category-saude"],"_links":{"self":[{"href":"https:\/\/alternativatvstreaming.com.br\/index.php?rest_route=\/wp\/v2\/posts\/17064","targetHints":{"allow":["GET"]}}],"collection":[{"href":"https:\/\/alternativatvstreaming.com.br\/index.php?rest_route=\/wp\/v2\/posts"}],"about":[{"href":"https:\/\/alternativatvstreaming.com.br\/index.php?rest_route=\/wp\/v2\/types\/post"}],"author":[{"embeddable":true,"href":"https:\/\/alternativatvstreaming.com.br\/index.php?rest_route=\/wp\/v2\/users\/75"}],"replies":[{"embeddable":true,"href":"https:\/\/alternativatvstreaming.com.br\/index.php?rest_route=%2Fwp%2Fv2%2Fcomments&post=17064"}],"version-history":[{"count":0,"href":"https:\/\/alternativatvstreaming.com.br\/index.php?rest_route=\/wp\/v2\/posts\/17064\/revisions"}],"wp:featuredmedia":[{"embeddable":true,"href":"https:\/\/alternativatvstreaming.com.br\/index.php?rest_route=\/wp\/v2\/media\/17065"}],"wp:attachment":[{"href":"https:\/\/alternativatvstreaming.com.br\/index.php?rest_route=%2Fwp%2Fv2%2Fmedia&parent=17064"}],"wp:term":[{"taxonomy":"category","embeddable":true,"href":"https:\/\/alternativatvstreaming.com.br\/index.php?rest_route=%2Fwp%2Fv2%2Fcategories&post=17064"},{"taxonomy":"post_tag","embeddable":true,"href":"https:\/\/alternativatvstreaming.com.br\/index.php?rest_route=%2Fwp%2Fv2%2Ftags&post=17064"}],"curies":[{"name":"wp","href":"https:\/\/api.w.org\/{rel}","templated":true}]}}