{"id":17088,"date":"2025-09-09T22:42:41","date_gmt":"2025-09-10T01:42:41","guid":{"rendered":"https:\/\/alternativatvstreaming.com.br\/?p=17088"},"modified":"2025-09-09T22:42:41","modified_gmt":"2025-09-10T01:42:41","slug":"itamaraty-condena-ameaca-dos-eua-de-usar-poder-militar-contra-brasil","status":"publish","type":"post","link":"https:\/\/alternativatvstreaming.com.br\/?p=17088","title":{"rendered":"Itamaraty condena amea\u00e7a dos EUA de usar &#8220;poder militar&#8221; contra Brasil"},"content":{"rendered":"<\/p>\n<p><a class=\"\" href=\"https:\/\/agenciabrasil.ebc.com.br\/politica\/noticia\/2025-09\/itamaraty-condena-ameaca-dos-eua-de-usar-poder-militar-contra-brasil\"><br \/>\n                    <img decoding=\"async\" src=\"https:\/\/cdn.jsdelivr.net\/gh\/sergiosdlima\/assets-ebc@1.0.0\/abr\/assets\/images\/logo-agenciabrasil.svg\" alt=\"Logo Ag\u00eancia Brasil\"><br \/>\n\t\t\t\t<\/a><\/p>\n<p><strong>O Minist\u00e9rio das Rela\u00e7\u00f5es Exteriores divulgou nota na noite desta ter\u00e7a-feira (9) em que\u00a0condenou a amea\u00e7a dos Estados Unidos &#8220;<\/strong><strong>de\u00a0uso de san\u00e7\u00f5es econ\u00f4micas ou amea\u00e7as de uso da for\u00e7a contra a nossa democracia&#8221;<\/strong> em meio ao\u00a0julgamento do ex-presidente Jair Bolsonaro e de sete r\u00e9us pela trama golpista.\u00a0<img decoding=\"async\" src=\"https:\/\/agenciabrasil.ebc.com.br\/ebc.png?id=1657988&#038;o=rss\"><img decoding=\"async\" src=\"https:\/\/agenciabrasil.ebc.com.br\/ebc.gif?id=1657988&#038;o=rss\"><\/p>\n<p>Na nota, o Itamaraty diz que o governo repudia qualquer interfer\u00eancia de outros pa\u00edses na soberania brasileira.\u00a0<\/p>\n<blockquote>\n<h3>Not\u00edcias relacionadas:<\/h3>\n<ul>\n<li><a href=\"https:\/\/agenciabrasil.ebc.com.br\/politica\/noticia\/2025-09\/gleisi-critica-eua-por-fala-de-uso-de-poder-militar-contra-brasil\">Gleisi critica EUA por fala de uso de &#8220;poder militar&#8221; contra o Brasil.<\/a><\/li>\n<li><a href=\"https:\/\/agenciabrasil.ebc.com.br\/internacional\/noticia\/2025-09\/embaixada-dos-eua-no-brasil-ameaca-alexandre-de-moraes\">Embaixada dos EUA no Brasil amea\u00e7a Alexandre de Moraes\u00a0.<\/a><\/li>\n<\/ul>\n<p>&#8220;O primeiro passo para proteger a liberdade de express\u00e3o \u00e9 justamente defender a democracia e respeitar a vontade popular expressa nas urnas. \u00c9 esse o dever dos tr\u00eas Poderes da Rep\u00fablica, que n\u00e3o se intimidar\u00e3o por qualquer forma de atentado \u00e0 nossa soberania. O governo brasileiro repudia a tentativa de for\u00e7as antidemocr\u00e1ticas de instrumentalizar governos estrangeiros para coagir as institui\u00e7\u00f5es nacionais&#8221;, diz o comunicado.\n<\/p><\/blockquote>\n<h2>Estados Unidos<\/h2>\n<p>A secret\u00e1ria de imprensa da Casa Branca, Karoline Leavitt, disse que o governo norte-americano\u00a0considera a liberdade de express\u00e3o uma prioridade m\u00e1xima, citando o julgamento do ex-presidente Jair Bolsonaro.<\/p>\n<blockquote>\n<p>&#8220;N\u00e3o tenho nenhuma a\u00e7\u00e3o adicional [contra o Brasil] para apresentar a voc\u00eas hoje. Mas posso dizer que esta \u00e9 uma prioridade para o governo. E o presidente [Donald Trump]\u00a0n\u00e3o tem medo de usar o poderio econ\u00f4mico e militar dos Estados Unidos da Am\u00e9rica para proteger a liberdade de express\u00e3o em todo o mundo&#8221;, disse a porta-voz, conforme informou a ag\u00eancia Reuters.\u00a0<\/p>\n<\/blockquote>\n<h2>&#8220;Conspira\u00e7\u00e3o da fam\u00edlia Bolsonaro&#8221;<\/h2>\n<p>Em discurso em Manaus, o presidente Luiz In\u00e1cio Lula da Silva\u00a0ainda citou o julgamento no Supremo Tribunal Federal em que o ex-presidente Jair Bolsonaro \u00e9 r\u00e9u por tentativa de golpe de Estado.\u00a0<\/p>\n<p>Lula considerou que o pa\u00eds vive um momento delicado.<\/p>\n<blockquote>\n<p>\u201cEle sabe que cometeu as burrices que cometeu (&#8230;) Esses caras tiveram a pachorra de mandar gente para os Estados Unidos para falar mal do Brasil e para condenar o Brasil\u201d, criticou Lula.\u00a0<\/p>\n<\/blockquote>\n<p>A ministra de Rela\u00e7\u00f5es Institucionais, Gleisi Hoffman, criticou a declara\u00e7\u00e3o do governo dos Estados Unidos sobre uso da for\u00e7a.<\/p>\n<p>Em uma postagem nas redes sociais,\u00a0a ministra afirmou que chegou ao &#8220;c\u00famulo&#8221; a &#8220;conspira\u00e7\u00e3o da fam\u00edlia Bolsonaro contra o Brasil&#8221;, apontando para a articula\u00e7\u00e3o conduzida pelo deputado federal Eduardo Bolsonaro para que os EUA sancionem o Brasil.<\/p>\n<blockquote>\n<p>&#8220;N\u00e3o bastam as tarifas contra nossas exporta\u00e7\u00f5es, as san\u00e7\u00f5es ilegais contra ministros do governo, do STF e suas fam\u00edlias, agora amea\u00e7am invadir o Brasil para livrar Jair Bolsonaro da cadeia. Isso \u00e9 totalmente inadmiss\u00edvel'&#8221;, disse a ministra.<\/p>\n<\/blockquote>\n<h2>Julgamento\u00a0<\/h2>\n<p>A Primeira Turma do Supremo Tribunal Federal (STF) retomou hoje o julgamento de Jair Bolsonaro e mais sete r\u00e9us pela trama golpista.\u00a0<a href=\"https:\/\/agenciabrasil.ebc.com.br\/justica\/noticia\/2025-09\/dino-vota-pela-condenacao-de-bolsonaro-e-mais-sete-placar-esta-2-0\" target=\"_blank\">Os ministros Alexandre de Moraes, relator da a\u00e7\u00e3o penal, e Fl\u00e1vio Dino votaram pelas condena\u00e7\u00f5es<\/a>. Faltam tr\u00eas votos.\u00a0<\/p>\n<p>A sess\u00e3o foi suspensa e ser\u00e1 retomada amanh\u00e3 (10) para o voto dos ministros Luiz Fux, C\u00e1rmen L\u00facia e Cristiano Zanin.<\/p>\n","protected":false},"excerpt":{"rendered":"<p>O Minist\u00e9rio das Rela\u00e7\u00f5es Exteriores divulgou nota na noite desta ter\u00e7a-feira (9) em que\u00a0condenou a amea\u00e7a dos Estados Unidos &#8220;de\u00a0uso de san\u00e7\u00f5es econ\u00f4micas ou amea\u00e7as de uso da for\u00e7a contra a nossa democracia&#8221; em meio ao\u00a0julgamento do ex-presidente Jair Bolsonaro e de sete r\u00e9us pela trama golpista.\u00a0 Na nota, o Itamaraty diz que o governo [&hellip;]<\/p>\n","protected":false},"author":4,"featured_media":17089,"comment_status":"open","ping_status":"open","sticky":false,"template":"","format":"standard","meta":{"rop_custom_images_group":[],"rop_custom_messages_group":[],"rop_publish_now":"initial","rop_publish_now_accounts":{"facebook_9070789419679556_1658623117598344":""},"rop_publish_now_history":[],"rop_publish_now_status":"pending","site-sidebar-layout":"default","site-content-layout":"","ast-site-content-layout":"","site-content-style":"default","site-sidebar-style":"default","ast-global-header-display":"","ast-banner-title-visibility":"","ast-main-header-display":"","ast-hfb-above-header-display":"","ast-hfb-below-header-display":"","ast-hfb-mobile-header-display":"","site-post-title":"","ast-breadcrumbs-content":"","ast-featured-img":"","footer-sml-layout":"","theme-transparent-header-meta":"","adv-header-id-meta":"","stick-header-meta":"","header-above-stick-meta":"","header-main-stick-meta":"","header-below-stick-meta":"","astra-migrate-meta-layouts":"default","ast-page-background-enabled":"default","ast-page-background-meta":{"desktop":{"background-color":"var(--ast-global-color-4)","background-image":"","background-repeat":"repeat","background-position":"center center","background-size":"auto","background-attachment":"scroll","background-type":"","background-media":"","overlay-type":"","overlay-color":"","overlay-opacity":"","overlay-gradient":""},"tablet":{"background-color":"","background-image":"","background-repeat":"repeat","background-position":"center center","background-size":"auto","background-attachment":"scroll","background-type":"","background-media":"","overlay-type":"","overlay-color":"","overlay-opacity":"","overlay-gradient":""},"mobile":{"background-color":"","background-image":"","background-repeat":"repeat","background-position":"center center","background-size":"auto","background-attachment":"scroll","background-type":"","background-media":"","overlay-type":"","overlay-color":"","overlay-opacity":"","overlay-gradient":""}},"ast-content-background-meta":{"desktop":{"background-color":"var(--ast-global-color-5)","background-image":"","background-repeat":"repeat","background-position":"center center","background-size":"auto","background-attachment":"scroll","background-type":"","background-media":"","overlay-type":"","overlay-color":"","overlay-opacity":"","overlay-gradient":""},"tablet":{"background-color":"var(--ast-global-color-5)","background-image":"","background-repeat":"repeat","background-position":"center center","background-size":"auto","background-attachment":"scroll","background-type":"","background-media":"","overlay-type":"","overlay-color":"","overlay-opacity":"","overlay-gradient":""},"mobile":{"background-color":"var(--ast-global-color-5)","background-image":"","background-repeat":"repeat","background-position":"center center","background-size":"auto","background-attachment":"scroll","background-type":"","background-media":"","overlay-type":"","overlay-color":"","overlay-opacity":"","overlay-gradient":""}},"footnotes":""},"categories":[17],"tags":[],"class_list":["post-17088","post","type-post","status-publish","format-standard","has-post-thumbnail","hentry","category-mundo"],"_links":{"self":[{"href":"https:\/\/alternativatvstreaming.com.br\/index.php?rest_route=\/wp\/v2\/posts\/17088","targetHints":{"allow":["GET"]}}],"collection":[{"href":"https:\/\/alternativatvstreaming.com.br\/index.php?rest_route=\/wp\/v2\/posts"}],"about":[{"href":"https:\/\/alternativatvstreaming.com.br\/index.php?rest_route=\/wp\/v2\/types\/post"}],"author":[{"embeddable":true,"href":"https:\/\/alternativatvstreaming.com.br\/index.php?rest_route=\/wp\/v2\/users\/4"}],"replies":[{"embeddable":true,"href":"https:\/\/alternativatvstreaming.com.br\/index.php?rest_route=%2Fwp%2Fv2%2Fcomments&post=17088"}],"version-history":[{"count":0,"href":"https:\/\/alternativatvstreaming.com.br\/index.php?rest_route=\/wp\/v2\/posts\/17088\/revisions"}],"wp:featuredmedia":[{"embeddable":true,"href":"https:\/\/alternativatvstreaming.com.br\/index.php?rest_route=\/wp\/v2\/media\/17089"}],"wp:attachment":[{"href":"https:\/\/alternativatvstreaming.com.br\/index.php?rest_route=%2Fwp%2Fv2%2Fmedia&parent=17088"}],"wp:term":[{"taxonomy":"category","embeddable":true,"href":"https:\/\/alternativatvstreaming.com.br\/index.php?rest_route=%2Fwp%2Fv2%2Fcategories&post=17088"},{"taxonomy":"post_tag","embeddable":true,"href":"https:\/\/alternativatvstreaming.com.br\/index.php?rest_route=%2Fwp%2Fv2%2Ftags&post=17088"}],"curies":[{"name":"wp","href":"https:\/\/api.w.org\/{rel}","templated":true}]}}