{"id":17094,"date":"2025-09-09T23:41:42","date_gmt":"2025-09-10T02:41:42","guid":{"rendered":"https:\/\/alternativatvstreaming.com.br\/?p=17094"},"modified":"2025-09-09T23:41:42","modified_gmt":"2025-09-10T02:41:42","slug":"estamos-preservando-o-que-eles-nao-preservaram-diz-lula-na-amazonia","status":"publish","type":"post","link":"https:\/\/alternativatvstreaming.com.br\/?p=17094","title":{"rendered":"\u201cEstamos preservando o que eles n\u00e3o preservaram\u201d, diz Lula na Amaz\u00f4nia"},"content":{"rendered":"<\/p>\n<p><a class=\"\" href=\"https:\/\/agenciabrasil.ebc.com.br\/politica\/noticia\/2025-09\/estamos-preservando-o-que-eles-nao-preservaram-diz-lula-na-amazonia\"><br \/>\n                    <img decoding=\"async\" src=\"https:\/\/cdn.jsdelivr.net\/gh\/sergiosdlima\/assets-ebc@1.0.0\/abr\/assets\/images\/logo-agenciabrasil.svg\" alt=\"Logo Ag\u00eancia Brasil\"><br \/>\n\t\t\t\t<\/a><\/p>\n<p><strong>O presidente Luiz In\u00e1cio Lula da Silva defendeu, nesta ter\u00e7a-feira (9), as a\u00e7\u00f5es de preserva\u00e7\u00e3o da Amaz\u00f4nia por parte do governo brasileiro.<\/strong><img decoding=\"async\" src=\"https:\/\/agenciabrasil.ebc.com.br\/ebc.png?id=1657969&#038;o=rss\"><img decoding=\"async\" src=\"https:\/\/agenciabrasil.ebc.com.br\/ebc.gif?id=1657969&#038;o=rss\"><\/p>\n<p>Ele assinou, em cerim\u00f4nia em Manaus, a implementa\u00e7\u00e3o do Programa \u201cUni\u00e3o com Munic\u00edpios\u201d para a redu\u00e7\u00e3o do desmatamento e inc\u00eandios florestais.\u00a0<\/p>\n<\/p>\n<h3>Not\u00edcias relacionadas:<\/h3>\n<ul>\n<li><a href=\"https:\/\/agenciabrasil.ebc.com.br\/politica\/noticia\/2025-09\/gleisi-critica-eua-por-fala-de-uso-de-poder-militar-contra-brasil\">Gleisi critica EUA por fala de uso de &#8220;poder militar&#8221; contra o Brasil.<\/a><\/li>\n<\/ul>\n<p>Para o programa, est\u00e3o previstos R$ 150 milh\u00f5es, com recursos do Banco Nacional de Desenvolvimento Econ\u00f4mico e Social (BNDES) e da Ag\u00eancia Nacional de Assist\u00eancia T\u00e9cnica e Extens\u00e3o Rural (Anater).<\/p>\n<p><strong>Lula criticou pa\u00edses estrangeiros que interferiram na regi\u00e3o<\/strong>.<\/p>\n<blockquote>\n<p>\u201cA gente est\u00e1 preservando o que eles n\u00e3o preservaram. O Brasil ainda \u00e9 o pa\u00eds que tem a maior quantidade de floresta do mundo. Ent\u00e3o, esse pa\u00eds precisa ser respeitado\u201d, afirmou.\u00a0<\/p>\n<\/blockquote>\n<p><strong>\u201cN\u00e3o precisamos de ningu\u00e9m metendo o bedelho no nosso pa\u00eds. Cada um cuida do seu nariz. Do nosso quintal, cuidamos n\u00f3s\u201d, ressaltou.\u00a0<\/strong><\/p>\n<p>Mais cedo,\u00a0a porta-voz da Casa Branca, Karoline\u00a0Leavitt, afirmou que o presidente Donald Trump n\u00e3o teme em usar &#8220;meios militares&#8221; contra o Brasil e outros pa\u00edses em defesa da liberdade de express\u00e3o no mundo.<\/p>\n<h2>\u201cCOP da verdade\u201d<\/h2>\n<p><strong>O presidente disse que a confer\u00eancia do clima COP30<\/strong>, a ser realizada em Bel\u00e9m, em novembro, <strong>significar\u00e1 um evento que marcar\u00e1 a \u201cverdade\u201d para tra\u00e7ar uma diferen\u00e7a entre quem acredita na ci\u00eancia e quem se comporta como negacionista<\/strong>.<\/p>\n<blockquote>\n<p>\u201cEssa COP ser\u00e1 a COP da verdade. A gente vai ver quem \u00e9 que acredita na ci\u00eancia ou quem quer continuar mentindo\u201d, afirmou Lula, destacando as evid\u00eancias das mudan\u00e7as clim\u00e1ticas em todo o mundo.<\/p>\n<\/blockquote>\n<h2>Parceria com prefeituras<\/h2>\n<p>Lula defendeu a necessidade de todos os entes de governo se unirem para o combate \u00e0 devasta\u00e7\u00e3o e \u00e0s mudan\u00e7as do clima. Particularmente, como prev\u00ea o plano, a ideia \u00e9 que a parceria esteja estabelecida com as prefeituras.\u00a0\u00a0<\/p>\n<p>\u201cA melhor forma \u00e9 repassar recursos para ajudar os prefeitos a ter acesso \u00e0s condi\u00e7\u00f5es b\u00e1sicas para que eles possam cuidar [do meio ambiente]\u201d, afirmou o presidente.\u00a0Pelo menos 70 prefeituras da regi\u00e3o aderiram ao plano.<\/p>\n<p>\u201cO prefeito n\u00e3o \u00e9 nosso inimigo, mas nosso principal soldado numa cidade para que a gente possa evitar os desmazelos e os erros que t\u00eam acontecido\u201d, disse o presidente.\u00a0<\/p>\n<p>O presidente reconheceu a import\u00e2ncia de viabilizar os recursos do Fundo Amaz\u00f4nia, administrado pelo BNDES.\u00a0<\/p>\n<p>Lula posicionou-se ainda pela explora\u00e7\u00e3o da Amaz\u00f4nia com responsabilidade. \u201cN\u00f3s achamos que ela tem que ser explorada de forma correta tirando aquilo que a gente pode tirar, repondo aquilo que a gente tem que repor\u201d.<\/p>\n<h2>&#8220;N\u00e3o \u00e9 causa perdida&#8221;<\/h2>\n<p>Na cerim\u00f4nia de assinatura do programa Uni\u00e3o com Munic\u00edpios, o indigenista e fil\u00f3sofo Egydio Schwade destacou que ser\u00e3o necess\u00e1rios novos paradigmas na rela\u00e7\u00e3o do homem com a natureza, e tamb\u00e9m com as popula\u00e7\u00f5es tradicionais.<\/p>\n<p>\u201cMe lembro que, quando jovem, decidi trabalhar com os povos ind\u00edgenas e todo mundo dizia que seria uma causa perdida. Hoje ningu\u00e9m mais tem coragem [de dizer isso]. A partir dessas causas perdidas \u00e9 que realmente v\u00e3o haver mudan\u00e7as\u201d.<\/p>\n<h2>Investimento<\/h2>\n<p>O presidente do BNDES, Alo\u00edsio Mercadante criticou a falta de investimento do governo anterior na regi\u00e3o. \u201cEles n\u00e3o tinham nenhum compromisso com essa agenda. N\u00f3s j\u00e1 liberamos mais de R$ 2,5 bilh\u00f5es\u201d.\u00a0<\/p>\n<p>Esses recursos, conforme Mercadante, incluem apoio para as comunidades ind\u00edgenas e quilombolas, para demarca\u00e7\u00e3o de terra, para cadastro rural e para agricultura familiar.<\/p>\n<h2>Desmatamento zero<\/h2>\n<p>A ministra Marina Silva (Meio Ambiente e Mudan\u00e7a do Clima) defendeu que o governo\u00a0retomou investimentos do Fundo Amaz\u00f4nia e com o compromisso de desmatamento zero at\u00e9 2030.<\/p>\n<p>\u201cN\u00f3s estamos fazendo uma a\u00e7\u00e3o focada nos munic\u00edpios. O nosso compromisso \u00e9 de desmatamento zero at\u00e9 2030. N\u00f3s j\u00e1 conseguimos uma redu\u00e7\u00e3o do desmatamento de 46% nos dois primeiros anos do governo\u201d, disse a ministra.<\/p>\n<h2>&#8220;Momento delicado&#8221;<\/h2>\n<p>Em discurso, o presidente ainda citou o julgamento no Supremo Tribunal Federal em que o ex-presidente Jair Bolsonaro \u00e9 r\u00e9u por tentativa de golpe de Estado.\u00a0<\/p>\n<p><strong>Lula considerou que o pa\u00eds vive um momento delicado<\/strong>.<\/p>\n<p><strong>\u201cEle sabe que cometeu as burrices que cometeu (&#8230;) Esses caras tiveram a pachorra de mandar gente para os Estados Unidos para falar mal do Brasil e para condenar o Brasil\u201d, criticou Lula.\u00a0<\/strong><\/p>\n<p>Para o p\u00fablico presente no audit\u00f3rio do campus da Universidade Federal do Amazonas (Ufam), Lula disse que Bolsonaro tentou dar um golpe de Estado e recordou a crise enfrentada por\u00a0Manaus durante a pandemia de covid-19, com falta de respiradores. \u201cEle n\u00e3o trouxe sequer oxig\u00eanio para Manaus, Quando essa cidade estava vendo muita gente morrer\u201d.\u00a0<\/p>\n","protected":false},"excerpt":{"rendered":"<p>O presidente Luiz In\u00e1cio Lula da Silva defendeu, nesta ter\u00e7a-feira (9), as a\u00e7\u00f5es de preserva\u00e7\u00e3o da Amaz\u00f4nia por parte do governo brasileiro. Ele assinou, em cerim\u00f4nia em Manaus, a implementa\u00e7\u00e3o do Programa \u201cUni\u00e3o com Munic\u00edpios\u201d para a redu\u00e7\u00e3o do desmatamento e inc\u00eandios florestais.\u00a0 Not\u00edcias relacionadas: Gleisi critica EUA por fala de uso de &#8220;poder militar&#8221; [&hellip;]<\/p>\n","protected":false},"author":33,"featured_media":17095,"comment_status":"open","ping_status":"open","sticky":false,"template":"","format":"standard","meta":{"rop_custom_images_group":[],"rop_custom_messages_group":[],"rop_publish_now":"initial","rop_publish_now_accounts":{"facebook_9070789419679556_1658623117598344":""},"rop_publish_now_history":[],"rop_publish_now_status":"pending","site-sidebar-layout":"default","site-content-layout":"","ast-site-content-layout":"","site-content-style":"default","site-sidebar-style":"default","ast-global-header-display":"","ast-banner-title-visibility":"","ast-main-header-display":"","ast-hfb-above-header-display":"","ast-hfb-below-header-display":"","ast-hfb-mobile-header-display":"","site-post-title":"","ast-breadcrumbs-content":"","ast-featured-img":"","footer-sml-layout":"","theme-transparent-header-meta":"","adv-header-id-meta":"","stick-header-meta":"","header-above-stick-meta":"","header-main-stick-meta":"","header-below-stick-meta":"","astra-migrate-meta-layouts":"default","ast-page-background-enabled":"default","ast-page-background-meta":{"desktop":{"background-color":"var(--ast-global-color-4)","background-image":"","background-repeat":"repeat","background-position":"center center","background-size":"auto","background-attachment":"scroll","background-type":"","background-media":"","overlay-type":"","overlay-color":"","overlay-opacity":"","overlay-gradient":""},"tablet":{"background-color":"","background-image":"","background-repeat":"repeat","background-position":"center center","background-size":"auto","background-attachment":"scroll","background-type":"","background-media":"","overlay-type":"","overlay-color":"","overlay-opacity":"","overlay-gradient":""},"mobile":{"background-color":"","background-image":"","background-repeat":"repeat","background-position":"center center","background-size":"auto","background-attachment":"scroll","background-type":"","background-media":"","overlay-type":"","overlay-color":"","overlay-opacity":"","overlay-gradient":""}},"ast-content-background-meta":{"desktop":{"background-color":"var(--ast-global-color-5)","background-image":"","background-repeat":"repeat","background-position":"center center","background-size":"auto","background-attachment":"scroll","background-type":"","background-media":"","overlay-type":"","overlay-color":"","overlay-opacity":"","overlay-gradient":""},"tablet":{"background-color":"var(--ast-global-color-5)","background-image":"","background-repeat":"repeat","background-position":"center center","background-size":"auto","background-attachment":"scroll","background-type":"","background-media":"","overlay-type":"","overlay-color":"","overlay-opacity":"","overlay-gradient":""},"mobile":{"background-color":"var(--ast-global-color-5)","background-image":"","background-repeat":"repeat","background-position":"center center","background-size":"auto","background-attachment":"scroll","background-type":"","background-media":"","overlay-type":"","overlay-color":"","overlay-opacity":"","overlay-gradient":""}},"footnotes":""},"categories":[17],"tags":[],"class_list":["post-17094","post","type-post","status-publish","format-standard","has-post-thumbnail","hentry","category-mundo"],"_links":{"self":[{"href":"https:\/\/alternativatvstreaming.com.br\/index.php?rest_route=\/wp\/v2\/posts\/17094","targetHints":{"allow":["GET"]}}],"collection":[{"href":"https:\/\/alternativatvstreaming.com.br\/index.php?rest_route=\/wp\/v2\/posts"}],"about":[{"href":"https:\/\/alternativatvstreaming.com.br\/index.php?rest_route=\/wp\/v2\/types\/post"}],"author":[{"embeddable":true,"href":"https:\/\/alternativatvstreaming.com.br\/index.php?rest_route=\/wp\/v2\/users\/33"}],"replies":[{"embeddable":true,"href":"https:\/\/alternativatvstreaming.com.br\/index.php?rest_route=%2Fwp%2Fv2%2Fcomments&post=17094"}],"version-history":[{"count":0,"href":"https:\/\/alternativatvstreaming.com.br\/index.php?rest_route=\/wp\/v2\/posts\/17094\/revisions"}],"wp:featuredmedia":[{"embeddable":true,"href":"https:\/\/alternativatvstreaming.com.br\/index.php?rest_route=\/wp\/v2\/media\/17095"}],"wp:attachment":[{"href":"https:\/\/alternativatvstreaming.com.br\/index.php?rest_route=%2Fwp%2Fv2%2Fmedia&parent=17094"}],"wp:term":[{"taxonomy":"category","embeddable":true,"href":"https:\/\/alternativatvstreaming.com.br\/index.php?rest_route=%2Fwp%2Fv2%2Fcategories&post=17094"},{"taxonomy":"post_tag","embeddable":true,"href":"https:\/\/alternativatvstreaming.com.br\/index.php?rest_route=%2Fwp%2Fv2%2Ftags&post=17094"}],"curies":[{"name":"wp","href":"https:\/\/api.w.org\/{rel}","templated":true}]}}