{"id":17096,"date":"2025-09-09T23:41:46","date_gmt":"2025-09-10T02:41:46","guid":{"rendered":"https:\/\/alternativatvstreaming.com.br\/?p=17096"},"modified":"2025-09-09T23:41:46","modified_gmt":"2025-09-10T02:41:46","slug":"preso-por-incendiar-banheiros-quimicos-vive-em-situacao-de-rua-diz-pm","status":"publish","type":"post","link":"https:\/\/alternativatvstreaming.com.br\/?p=17096","title":{"rendered":"Preso por incendiar banheiros qu\u00edmicos vive em situa\u00e7\u00e3o de rua, diz PM"},"content":{"rendered":"<\/p>\n<p><a class=\"\" href=\"https:\/\/agenciabrasil.ebc.com.br\/geral\/noticia\/2025-09\/preso-por-incendiar-banheiros-quimicos-vive-em-situacao-de-rua-diz-pm\"><br \/>\n                    <img decoding=\"async\" src=\"https:\/\/cdn.jsdelivr.net\/gh\/sergiosdlima\/assets-ebc@1.0.0\/abr\/assets\/images\/logo-agenciabrasil.svg\" alt=\"Logo Ag\u00eancia Brasil\"><br \/>\n\t\t\t\t<\/a><\/p>\n<p>A Pol\u00edcia Militar do Distrito Federal (PMDF)\u00a0informou que um homem foi preso suspeito de incendiar banheiros qu\u00edmicos nesta ter\u00e7a-feira (9) na Esplanada dos Minist\u00e9rios.\u00a0<img decoding=\"async\" src=\"https:\/\/agenciabrasil.ebc.com.br\/ebc.png?id=1657961&#038;o=rss\"><img decoding=\"async\" src=\"https:\/\/agenciabrasil.ebc.com.br\/ebc.gif?id=1657961&#038;o=rss\"><\/p>\n<p><strong>O rapaz, de 22 anos, foi preso pr\u00f3ximo ao local do inc\u00eandio e levado para a 5\u00aa Delegacia de Pol\u00edcia.\u00a0<\/strong><\/p>\n<\/p>\n<h3>Not\u00edcias relacionadas:<\/h3>\n<ul>\n<li><a href=\"https:\/\/agenciabrasil.ebc.com.br\/justica\/noticia\/2025-09\/policia-prende-suspeito-de-incendiar-banheiro-quimico-na-esplanada\">Pol\u00edcia prende suspeito de incendiar banheiros qu\u00edmicos na Esplanada.<\/a><\/li>\n<\/ul>\n<p>De acordo com a major Talita Soares, subcomandante do 6\u00ba Batalh\u00e3o da PMDF,<strong> o homem vive em situa\u00e7\u00e3o de rua e tem\u00a0passagens pela pol\u00edcia, por viol\u00eancia dom\u00e9stica, porte de arma branca e furtos.\u00a0<\/strong><\/p>\n<p>No momento da pris\u00e3o, <strong>ele carregava uma mochila com itens pessoais, uma l\u00e2mina e um spray com g\u00e1s inflam\u00e1vel. Segundo a major, ele n\u00e3o reagiu \u00e0 pris\u00e3o.\u00a0<\/strong><\/p>\n<p><a href=\"https:\/\/agenciabrasil.ebc.com.br\/justica\/noticia\/2025-09\/policia-prende-suspeito-de-incendiar-banheiro-quimico-na-esplanada\" target=\"_blank\">Dez banheiros qu\u00edmicos foram\u00a0incendiados no gramado da Esplanada dos Minist\u00e9rios no final da manh\u00e3 de hoje\u00a0(9<\/a>). O Corpo de Bombeiros controlou rapidamente as chamas, mas uma fuma\u00e7a alta e escura ficou vis\u00edvel de v\u00e1rios pontos do centro da capital.<\/p>\n<p>A per\u00edcia da Pol\u00edcia Civil foi chamada ao local e a investiga\u00e7\u00e3o sobre a motiva\u00e7\u00e3o\u00a0est\u00e1 em curso.\u00a0<\/p>\n<p>O inc\u00eandio colocou a seguran\u00e7a do Supremo Tribunal Federal (STF) em alerta, onde ocorria o julgamento do ex-presidente Jair Bolsonaro e mais sete aliados pela trama golpista.<\/p>\n<p>O tribunal fica a apenas 2 quil\u00f4metros do local onde estavam os banheiros qu\u00edmicos, que foram instalados para uso durante a cerim\u00f4nia do 7 de setembro, no \u00faltimo domingo.\u00a0<\/p>\n","protected":false},"excerpt":{"rendered":"<p>A Pol\u00edcia Militar do Distrito Federal (PMDF)\u00a0informou que um homem foi preso suspeito de incendiar banheiros qu\u00edmicos nesta ter\u00e7a-feira (9) na Esplanada dos Minist\u00e9rios.\u00a0 O rapaz, de 22 anos, foi preso pr\u00f3ximo ao local do inc\u00eandio e levado para a 5\u00aa Delegacia de Pol\u00edcia.\u00a0 Not\u00edcias relacionadas: Pol\u00edcia prende suspeito de incendiar banheiros qu\u00edmicos na Esplanada. [&hellip;]<\/p>\n","protected":false},"author":4,"featured_media":17097,"comment_status":"open","ping_status":"open","sticky":false,"template":"","format":"standard","meta":{"rop_custom_images_group":[],"rop_custom_messages_group":[],"rop_publish_now":"initial","rop_publish_now_accounts":{"facebook_9070789419679556_1658623117598344":""},"rop_publish_now_history":[],"rop_publish_now_status":"pending","site-sidebar-layout":"default","site-content-layout":"","ast-site-content-layout":"","site-content-style":"default","site-sidebar-style":"default","ast-global-header-display":"","ast-banner-title-visibility":"","ast-main-header-display":"","ast-hfb-above-header-display":"","ast-hfb-below-header-display":"","ast-hfb-mobile-header-display":"","site-post-title":"","ast-breadcrumbs-content":"","ast-featured-img":"","footer-sml-layout":"","theme-transparent-header-meta":"","adv-header-id-meta":"","stick-header-meta":"","header-above-stick-meta":"","header-main-stick-meta":"","header-below-stick-meta":"","astra-migrate-meta-layouts":"default","ast-page-background-enabled":"default","ast-page-background-meta":{"desktop":{"background-color":"var(--ast-global-color-4)","background-image":"","background-repeat":"repeat","background-position":"center center","background-size":"auto","background-attachment":"scroll","background-type":"","background-media":"","overlay-type":"","overlay-color":"","overlay-opacity":"","overlay-gradient":""},"tablet":{"background-color":"","background-image":"","background-repeat":"repeat","background-position":"center center","background-size":"auto","background-attachment":"scroll","background-type":"","background-media":"","overlay-type":"","overlay-color":"","overlay-opacity":"","overlay-gradient":""},"mobile":{"background-color":"","background-image":"","background-repeat":"repeat","background-position":"center center","background-size":"auto","background-attachment":"scroll","background-type":"","background-media":"","overlay-type":"","overlay-color":"","overlay-opacity":"","overlay-gradient":""}},"ast-content-background-meta":{"desktop":{"background-color":"var(--ast-global-color-5)","background-image":"","background-repeat":"repeat","background-position":"center center","background-size":"auto","background-attachment":"scroll","background-type":"","background-media":"","overlay-type":"","overlay-color":"","overlay-opacity":"","overlay-gradient":""},"tablet":{"background-color":"var(--ast-global-color-5)","background-image":"","background-repeat":"repeat","background-position":"center center","background-size":"auto","background-attachment":"scroll","background-type":"","background-media":"","overlay-type":"","overlay-color":"","overlay-opacity":"","overlay-gradient":""},"mobile":{"background-color":"var(--ast-global-color-5)","background-image":"","background-repeat":"repeat","background-position":"center center","background-size":"auto","background-attachment":"scroll","background-type":"","background-media":"","overlay-type":"","overlay-color":"","overlay-opacity":"","overlay-gradient":""}},"footnotes":""},"categories":[4],"tags":[],"class_list":["post-17096","post","type-post","status-publish","format-standard","has-post-thumbnail","hentry","category-brasil"],"_links":{"self":[{"href":"https:\/\/alternativatvstreaming.com.br\/index.php?rest_route=\/wp\/v2\/posts\/17096","targetHints":{"allow":["GET"]}}],"collection":[{"href":"https:\/\/alternativatvstreaming.com.br\/index.php?rest_route=\/wp\/v2\/posts"}],"about":[{"href":"https:\/\/alternativatvstreaming.com.br\/index.php?rest_route=\/wp\/v2\/types\/post"}],"author":[{"embeddable":true,"href":"https:\/\/alternativatvstreaming.com.br\/index.php?rest_route=\/wp\/v2\/users\/4"}],"replies":[{"embeddable":true,"href":"https:\/\/alternativatvstreaming.com.br\/index.php?rest_route=%2Fwp%2Fv2%2Fcomments&post=17096"}],"version-history":[{"count":0,"href":"https:\/\/alternativatvstreaming.com.br\/index.php?rest_route=\/wp\/v2\/posts\/17096\/revisions"}],"wp:featuredmedia":[{"embeddable":true,"href":"https:\/\/alternativatvstreaming.com.br\/index.php?rest_route=\/wp\/v2\/media\/17097"}],"wp:attachment":[{"href":"https:\/\/alternativatvstreaming.com.br\/index.php?rest_route=%2Fwp%2Fv2%2Fmedia&parent=17096"}],"wp:term":[{"taxonomy":"category","embeddable":true,"href":"https:\/\/alternativatvstreaming.com.br\/index.php?rest_route=%2Fwp%2Fv2%2Fcategories&post=17096"},{"taxonomy":"post_tag","embeddable":true,"href":"https:\/\/alternativatvstreaming.com.br\/index.php?rest_route=%2Fwp%2Fv2%2Ftags&post=17096"}],"curies":[{"name":"wp","href":"https:\/\/api.w.org\/{rel}","templated":true}]}}