{"id":19021,"date":"2025-10-03T19:28:43","date_gmt":"2025-10-03T22:28:43","guid":{"rendered":"https:\/\/alternativatvstreaming.com.br\/?p=19021"},"modified":"2025-10-03T19:28:43","modified_gmt":"2025-10-03T22:28:43","slug":"cartilha-de-redacao-do-enem-2025-esta-disponivel-para-consulta","status":"publish","type":"post","link":"https:\/\/alternativatvstreaming.com.br\/?p=19021","title":{"rendered":"Cartilha de reda\u00e7\u00e3o do Enem 2025 est\u00e1 dispon\u00edvel para consulta"},"content":{"rendered":"<\/p>\n<p><a class=\"\" href=\"https:\/\/agenciabrasil.ebc.com.br\/educacao\/noticia\/2025-10\/cartilha-de-redacao-do-enem-2025-esta-disponivel-para-consulta\"><br \/>\n                    <img decoding=\"async\" src=\"https:\/\/cdn.jsdelivr.net\/gh\/sergiosdlima\/assets-ebc@1.0.0\/abr\/assets\/images\/logo-agenciabrasil.svg\" alt=\"Logo Ag\u00eancia Brasil\"><br \/>\n\t\t\t\t<\/a><\/p>\n<p>O Instituto Nacional de Estudos e Pesquisas Educacionais An\u00edsio Teixeira (Inep) publicou, nesta sexta-feira (3), a nova edi\u00e7\u00e3o da cartilha <a href=\"https:\/\/download.inep.gov.br\/publicacoes\/institucionais\/avaliacoes_e_exames_da_educacao_basica\/a_redacao_no_enem_2025_cartilha_do_participante.pdf\" target=\"_blank\">A Reda\u00e7\u00e3o do Enem 2025 \u2013 Cartilha do Participante<\/a>.\u00a0<img decoding=\"async\" src=\"https:\/\/agenciabrasil.ebc.com.br\/ebc.png?id=1661342&#038;o=rss\"><img decoding=\"async\" src=\"https:\/\/agenciabrasil.ebc.com.br\/ebc.gif?id=1661342&#038;o=rss\"><\/p>\n<p><strong>A publica\u00e7\u00e3o traz informa\u00e7\u00f5es importantes, como os crit\u00e9rios de avalia\u00e7\u00e3o da prova (matriz de refer\u00eancia) e amostras comentadas de reda\u00e7\u00f5es que tiraram notas altas no Enem 2024, e que podem servir de exemplo para os novos participantes.<\/strong><\/p>\n<\/p>\n<h3>Not\u00edcias relacionadas:<\/h3>\n<ul>\n<li><a href=\"https:\/\/agenciabrasil.ebc.com.br\/educacao\/noticia\/2025-08\/nordeste-e-regiao-com-maior-numero-de-inscritos-no-enem-2025\">Nordeste \u00e9 a regi\u00e3o com maior n\u00famero de inscritos no Enem 2025.<\/a><\/li>\n<li><a href=\"https:\/\/agenciabrasil.ebc.com.br\/educacao\/noticia\/2025-08\/estudantes-do-ensino-integral-tem-notas-maiores-no-enem-diz-estudo\">Estudantes do ensino integral t\u00eam notas maiores no Enem, diz estudo.<\/a><\/li>\n<li><a href=\"https:\/\/agenciabrasil.ebc.com.br\/educacao\/noticia\/2025-07\/mulheres-representam-60-das-inscricoes-no-enem-2025\">Mulheres representam 60% das inscri\u00e7\u00f5es no Enem 2025.<\/a><\/li>\n<\/ul>\n<p>A reda\u00e7\u00e3o do Enem em l\u00edngua portuguesa ser\u00e1 aplicada no primeiro dia de provas, em 9 de novembro. A nota varia de 0 a 1 mil pontos e obedecer\u00e1 \u00e0 Matriz de Refer\u00eancia do Exame, apresentada na Cartilha do Participante.<\/p>\n<h2>Reda\u00e7\u00e3o<\/h2>\n<p>Na reda\u00e7\u00e3o do Enem, os participantes precisar\u00e3o escrever um texto dissertativo-argumentativo, com at\u00e9 30 linhas, a partir da situa\u00e7\u00e3o-problema proposta, dos textos motivadores e dos conhecimentos constru\u00eddos ao longo da forma\u00e7\u00e3o.<\/p>\n<p><strong>A cartilha explica que o tema da reda\u00e7\u00e3o ser\u00e1 de ordem social, cient\u00edfica, cultural ou pol\u00edtica.<\/strong><\/p>\n<p>O projeto de texto, com informa\u00e7\u00f5es, fatos e opini\u00f5es relacionados ao tema proposto, dever\u00e1 defender um ponto de vista &#8211; uma opini\u00e3o a respeito do tema proposto -, apoiada em argumentos consistentes, estruturados com coer\u00eancia.\u00a0<\/p>\n<p>Na pr\u00e1tica, a reda\u00e7\u00e3o do Enem \u00e9 mais do que uma simples exposi\u00e7\u00e3o de ideias. O candidato, claramente, assume um ponto de vista. Para tanto, o participante do Enem dever\u00e1 selecionar, organizar e relacionar, tamb\u00e9m de forma coesa, os argumentos e fatos para a defesa do seu ponto de vista.<\/p>\n<p>Adicionalmente, o candidato tamb\u00e9m dever\u00e1 elaborar uma proposta de interven\u00e7\u00e3o social (solu\u00e7\u00e3o) para o problema apresentado no desenvolvimento do texto. Essa proposta deve respeitar os direitos humanos. Propostas que desrespeitem os direitos humanos receber\u00e3o nota zero. <strong>Constituem desrespeito aos direitos humanos propostas que, por exemplo, incitem as pessoas \u00e0 viol\u00eancia ou tenham refer\u00eancias racistas.<\/strong><\/p>\n<p><strong>Os participantes devem ficar atentos \u00e0s cinco compet\u00eancias que ser\u00e3o exigidas no texto:<\/strong>\u00a0<\/p>\n<ul>\n<li>\u00a0\u00a0\u00a0\u00a0\u00a0\u00a0\u00a0\u00a0\u00a0dom\u00ednio da modalidade escrita formal da l\u00edngua portuguesa;<\/li>\n<li>\u00a0\u00a0\u00a0\u00a0\u00a0\u00a0\u00a0\u00a0\u00a0aplica\u00e7\u00e3o de conceitos das v\u00e1rias \u00e1reas de conhecimento, tamb\u00e9m chamado de repert\u00f3rio sociocultural, tenham rela\u00e7\u00e3o com o tema proposto para desenvolver o texto dissertativo-argumentativo em prosa.<\/li>\n<li>\u00a0\u00a0\u00a0\u00a0\u00a0\u00a0\u00a0\u00a0\u00a0organiza\u00e7\u00e3o das informa\u00e7\u00f5es, dos fatos e argumentos em defesa de um ponto de vista;<\/li>\n<li>\u00a0 \u00a0 \u00a0 \u00a0 \u00a0conhecimento dos mecanismos lingu\u00edsticos necess\u00e1rios para a constru\u00e7\u00e3o da argumenta\u00e7\u00e3o;<\/li>\n<li>\u00a0 \u00a0 \u00a0 \u00a0 \u00a0proposta de interven\u00e7\u00e3o (solu\u00e7\u00e3o) para o problema abordado.<\/li>\n<\/ul>\n<p><strong>Somente ser\u00e3o corrigidas as reda\u00e7\u00f5es transcritas para a folha de reda\u00e7\u00e3o oficial da prova do Enem.<\/strong><\/p>\n<p>Cada reda\u00e7\u00e3o ser\u00e1 corrigida por dois corretores, com gradua\u00e7\u00e3o em letras ou lingu\u00edstica, de forma independente, sem que uma conhe\u00e7a a nota atribu\u00edda pela outra.<\/p>\n<p>Os corretores atribuir\u00e3o uma nota de 0 a 200 pontos em cada uma das cinco compet\u00eancias. A soma desses pontos comp\u00f5e a nota total atribu\u00edda por avaliador, que pode chegar a 1 mil pontos. A nota final do participante ser\u00e1 a m\u00e9dia aritm\u00e9tica entre as notas totais atribu\u00eddas pelos dois avaliadores.<\/p>\n<p><strong>Em 2026, em data a ser divulgada posteriormente, o participante poder\u00e1 ter acesso \u00e0 vista de sua prova de reda\u00e7\u00e3o, exclusivamente, para fins pedag\u00f3gicos, ap\u00f3s a divulga\u00e7\u00e3o do resultado, previsto para janeiro do pr\u00f3ximo ano.<\/strong><\/p>\n<h2>Nota zero<\/h2>\n<p>Entre os crit\u00e9rios previstos no <a href=\"https:\/\/www.in.gov.br\/en\/web\/dou\/-\/edital-n-52-de-23-de-maio-de-2025-631610576\" target=\"_blank\">edital<\/a>\u00a0do Enem 2024 que resultam na nota zero na reda\u00e7\u00e3o, est\u00e3o:<\/p>\n<ul>\n<li>\u00a0\u00a0\u00a0\u00a0\u00a0 fuga ao tema proposto;<\/li>\n<li>\u00a0\u00a0\u00a0\u00a0\u00a0 aus\u00eancia de texto na folha de reda\u00e7\u00e3o;<\/li>\n<li>\u00a0\u00a0\u00a0\u00a0\u00a0 texto insuficiente, com at\u00e9 sete linhas manuscritas;<\/li>\n<li>\u00a0\u00a0\u00a0\u00a0\u00a0 texto escrito predominantemente ou integralmente em l\u00edngua estrangeira;<\/li>\n<li>\u00a0\u00a0\u00a0\u00a0\u00a0 nome, assinatura, rubrica ou qualquer outra forma de identifica\u00e7\u00e3o, em qualquer parte da folha de reda\u00e7\u00e3o;<\/li>\n<li>\u00a0\u00a0\u00a0\u00a0\u00a0 desobedi\u00eancia \u00e0 estrutura dissertativo-argumentativa;<\/li>\n<li>\u00a0\u00a0\u00a0\u00a0\u00a0 e desrespeito \u00e0 seriedade do exame, com palavr\u00f5es, desenhos e outras formas propositais de anula\u00e7\u00e3o.<\/li>\n<\/ul>\n<h2>Reda\u00e7\u00f5es<\/h2>\n<p>Para a cartilha, Inep selecionou e comentou algumas reda\u00e7\u00f5es de estudantes das cinco regi\u00f5es do pa\u00eds que receberam boas notas na edi\u00e7\u00e3o de 2024 do Enem por terem cumprido as exig\u00eancias relativas \u00e0s cinco compet\u00eancias.<\/p>\n<p>Essas reda\u00e7\u00f5es cont\u00eam, em sua maioria, repert\u00f3rios socioculturais pertinentes \u00e0s discuss\u00f5es propostas, com destaque para a coer\u00eancia argumentativa, sobretudo no que se refere \u00e0 sele\u00e7\u00e3o do repert\u00f3rio sociocultural.<\/p>\n<p>Nesses textos, foram mencionados, por exemplo, pensadores(as), fatos hist\u00f3ricos, letras de can\u00e7\u00f5es, bandas musicais, todos articulados com a tem\u00e1tica.<\/p>\n<p>Por serem textos do tipo dissertativo-argumentativo, as reda\u00e7\u00f5es selecionadas t\u00eam organizada no texto a defesa de um ponto de vista e, ainda, se destacam pelas propostas de solu\u00e7\u00e3o do problema apresentada na proposta da reda\u00e7\u00e3o.<\/p>\n<h2>Enem 2025<\/h2>\n<p>Um total de 4.811.338 candidatos confirmaram a inscri\u00e7\u00e3o para o Exame Nacional do Ensino M\u00e9dio neste ano. Segundo o Minist\u00e9rio da Educa\u00e7\u00e3o, o n\u00famero representa um aumento de 11,22% em rela\u00e7\u00e3o ao ano passado e de 38% em rela\u00e7\u00e3o a 2022. \u200b\u200b<\/p>\n<p><strong>\u200bAs provas do Enem 2025 ser\u00e3o aplicadas nos dias 9 e 16 de novembro, em quase todo o pa\u00eds.<\/strong> As exce\u00e7\u00f5es s\u00e3o os munic\u00edpios de Bel\u00e9m, Ananindeua e Marituba, no Par\u00e1, devido \u00e0 realiza\u00e7\u00e3o da 30\u00aa Confer\u00eancia das Partes da Conven\u00e7\u00e3o-Quadro das Na\u00e7\u00f5es Unidas sobre Mudan\u00e7a do Clima (COP30), em Bel\u00e9m, de 10 a 21 de novembro.<\/p>\n<p><strong>Nas tr\u00eas cidades paraenses, os candidatos far\u00e3o as provas nos dias 30 de novembro e 7 de dezembro.<\/strong><\/p>\n<p><a href=\"https:\/\/download.inep.gov.br\/publicacoes\/institucionais\/avaliacoes_e_exames_da_educacao_basica\/a_redacao_no_enem_2025_cartilha_do_participante.pdf\" target=\"_blank\">Confira aqui<\/a> a cartilha A Reda\u00e7\u00e3o do Enem 2025 \u2013 Cartilha do Participante.\u00a0<\/p>\n","protected":false},"excerpt":{"rendered":"<p>O Instituto Nacional de Estudos e Pesquisas Educacionais An\u00edsio Teixeira (Inep) publicou, nesta sexta-feira (3), a nova edi\u00e7\u00e3o da cartilha A Reda\u00e7\u00e3o do Enem 2025 \u2013 Cartilha do Participante.\u00a0 A publica\u00e7\u00e3o traz informa\u00e7\u00f5es importantes, como os crit\u00e9rios de avalia\u00e7\u00e3o da prova (matriz de refer\u00eancia) e amostras comentadas de reda\u00e7\u00f5es que tiraram notas altas no Enem [&hellip;]<\/p>\n","protected":false},"author":9,"featured_media":19022,"comment_status":"open","ping_status":"open","sticky":false,"template":"","format":"standard","meta":{"rop_custom_images_group":[],"rop_custom_messages_group":[],"rop_publish_now":"initial","rop_publish_now_accounts":{"facebook_9070789419679556_1658623117598344":""},"rop_publish_now_history":[],"rop_publish_now_status":"pending","site-sidebar-layout":"default","site-content-layout":"","ast-site-content-layout":"","site-content-style":"default","site-sidebar-style":"default","ast-global-header-display":"","ast-banner-title-visibility":"","ast-main-header-display":"","ast-hfb-above-header-display":"","ast-hfb-below-header-display":"","ast-hfb-mobile-header-display":"","site-post-title":"","ast-breadcrumbs-content":"","ast-featured-img":"","footer-sml-layout":"","theme-transparent-header-meta":"","adv-header-id-meta":"","stick-header-meta":"","header-above-stick-meta":"","header-main-stick-meta":"","header-below-stick-meta":"","astra-migrate-meta-layouts":"default","ast-page-background-enabled":"default","ast-page-background-meta":{"desktop":{"background-color":"var(--ast-global-color-4)","background-image":"","background-repeat":"repeat","background-position":"center center","background-size":"auto","background-attachment":"scroll","background-type":"","background-media":"","overlay-type":"","overlay-color":"","overlay-opacity":"","overlay-gradient":""},"tablet":{"background-color":"","background-image":"","background-repeat":"repeat","background-position":"center center","background-size":"auto","background-attachment":"scroll","background-type":"","background-media":"","overlay-type":"","overlay-color":"","overlay-opacity":"","overlay-gradient":""},"mobile":{"background-color":"","background-image":"","background-repeat":"repeat","background-position":"center center","background-size":"auto","background-attachment":"scroll","background-type":"","background-media":"","overlay-type":"","overlay-color":"","overlay-opacity":"","overlay-gradient":""}},"ast-content-background-meta":{"desktop":{"background-color":"var(--ast-global-color-5)","background-image":"","background-repeat":"repeat","background-position":"center center","background-size":"auto","background-attachment":"scroll","background-type":"","background-media":"","overlay-type":"","overlay-color":"","overlay-opacity":"","overlay-gradient":""},"tablet":{"background-color":"var(--ast-global-color-5)","background-image":"","background-repeat":"repeat","background-position":"center center","background-size":"auto","background-attachment":"scroll","background-type":"","background-media":"","overlay-type":"","overlay-color":"","overlay-opacity":"","overlay-gradient":""},"mobile":{"background-color":"var(--ast-global-color-5)","background-image":"","background-repeat":"repeat","background-position":"center center","background-size":"auto","background-attachment":"scroll","background-type":"","background-media":"","overlay-type":"","overlay-color":"","overlay-opacity":"","overlay-gradient":""}},"footnotes":""},"categories":[4],"tags":[],"class_list":["post-19021","post","type-post","status-publish","format-standard","has-post-thumbnail","hentry","category-brasil"],"_links":{"self":[{"href":"https:\/\/alternativatvstreaming.com.br\/index.php?rest_route=\/wp\/v2\/posts\/19021","targetHints":{"allow":["GET"]}}],"collection":[{"href":"https:\/\/alternativatvstreaming.com.br\/index.php?rest_route=\/wp\/v2\/posts"}],"about":[{"href":"https:\/\/alternativatvstreaming.com.br\/index.php?rest_route=\/wp\/v2\/types\/post"}],"author":[{"embeddable":true,"href":"https:\/\/alternativatvstreaming.com.br\/index.php?rest_route=\/wp\/v2\/users\/9"}],"replies":[{"embeddable":true,"href":"https:\/\/alternativatvstreaming.com.br\/index.php?rest_route=%2Fwp%2Fv2%2Fcomments&post=19021"}],"version-history":[{"count":0,"href":"https:\/\/alternativatvstreaming.com.br\/index.php?rest_route=\/wp\/v2\/posts\/19021\/revisions"}],"wp:featuredmedia":[{"embeddable":true,"href":"https:\/\/alternativatvstreaming.com.br\/index.php?rest_route=\/wp\/v2\/media\/19022"}],"wp:attachment":[{"href":"https:\/\/alternativatvstreaming.com.br\/index.php?rest_route=%2Fwp%2Fv2%2Fmedia&parent=19021"}],"wp:term":[{"taxonomy":"category","embeddable":true,"href":"https:\/\/alternativatvstreaming.com.br\/index.php?rest_route=%2Fwp%2Fv2%2Fcategories&post=19021"},{"taxonomy":"post_tag","embeddable":true,"href":"https:\/\/alternativatvstreaming.com.br\/index.php?rest_route=%2Fwp%2Fv2%2Ftags&post=19021"}],"curies":[{"name":"wp","href":"https:\/\/api.w.org\/{rel}","templated":true}]}}