{"id":19037,"date":"2025-10-03T22:30:01","date_gmt":"2025-10-04T01:30:01","guid":{"rendered":"https:\/\/alternativatvstreaming.com.br\/?p=19037"},"modified":"2025-10-03T22:30:01","modified_gmt":"2025-10-04T01:30:01","slug":"jornalistas-negras-da-ebc-estao-entre-admiradas-da-imprensa","status":"publish","type":"post","link":"https:\/\/alternativatvstreaming.com.br\/?p=19037","title":{"rendered":"Jornalistas negras da EBC est\u00e3o entre +admiradas da imprensa"},"content":{"rendered":"<\/p>\n<p><a class=\"\" href=\"https:\/\/agenciabrasil.ebc.com.br\/geral\/noticia\/2025-10\/jornalistas-negras-da-ebc-estao-entre-admiradas-da-imprensa\"><br \/>\n                    <img decoding=\"async\" src=\"https:\/\/cdn.jsdelivr.net\/gh\/sergiosdlima\/assets-ebc@1.0.0\/abr\/assets\/images\/logo-agenciabrasil.svg\" alt=\"Logo Ag\u00eancia Brasil\"><br \/>\n\t\t\t\t<\/a><\/p>\n<p>Ap\u00f3s dois turnos, o<strong> Pr\u00eamio +Admirados Jornalistas Negros e Negras da Imprensa Brasileira 2025 anunciou, nesta sexta-feira (3), os profissionais e ve\u00edculos que ser\u00e3o homenageados nesta edi\u00e7\u00e3o<\/strong>.<img decoding=\"async\" src=\"https:\/\/agenciabrasil.ebc.com.br\/ebc.png?id=1661359&#038;o=rss\"><img decoding=\"async\" src=\"https:\/\/agenciabrasil.ebc.com.br\/ebc.gif?id=1661359&#038;o=rss\"><\/p>\n<p>A\u00a0<strong>Empresa Brasil de Comunica\u00e7\u00e3o (EBC)<\/strong>\u00a0celebra a presen\u00e7a de duas profissionais entre os vencedores: <strong>a apresentadora da TV Brasil, Luciana Barreto, e a gerente de Jornalismo Digital da EBC, Juliana C\u00e9zar Nunes<\/strong>.\u00a0<\/p>\n<\/p>\n<h3>Not\u00edcias relacionadas:<\/h3>\n<ul>\n<li><a href=\"https:\/\/agenciabrasil.ebc.com.br\/geral\/noticia\/2025-10\/ebc-apresenta-estrutura-de-cobertura-e-transmissao-da-cop30\">EBC apresenta estrutura de cobertura e transmiss\u00e3o da COP30.<\/a><\/li>\n<li><a href=\"https:\/\/agenciabrasil.ebc.com.br\/geral\/noticia\/2025-09\/conheca-podcasts-feitos-por-veiculos-da-ebc\">Conhe\u00e7a podcasts feitos por ve\u00edculos da EBC.<\/a><\/li>\n<\/ul>\n<p>O resultado \u00e9 fruto de uma vota\u00e7\u00e3o aberta ao p\u00fablico, na qual os eleitores podiam escolher at\u00e9 cinco profissionais por categoria, atribuindo pontua\u00e7\u00e3o conforme a ordem de prefer\u00eancia.<\/p>\n<p>Organizado pelo Jornalistas&#038;Cia, em parceria com os sites Neo Mondo, 1 Papo Reto e Rede JP \u2013 Jornalistas Pretos, o pr\u00eamio chega \u00e0 terceira edi\u00e7\u00e3o com recorde de participa\u00e7\u00e3o.\u00a0<\/p>\n<blockquote>\n<p>&#8220;A <strong>EBC<\/strong> fica orgulhosa de ter em seu quadro profissionais t\u00e3o qualificadas e com trabalho reconhecido entre os pares. A presen\u00e7a da Juliana e da Luciana nesse pr\u00eamio tamb\u00e9m mostra como somos uma empresa que tem investido na diversidade. Parab\u00e9ns \u00e0s duas pelo reconhecimento&#8221;, afirma Andre Basbaum, diretor-presidente da <strong>EBC<\/strong>.<\/p>\n<\/blockquote>\n<p>As<strong> jornalistas da\u00a0EBC\u00a0integram a lista dos 50 +Admirados Jornalistas Negros e Negras da Imprensa Brasileira 2025<\/strong>, ao lado de nomes de destaque<strong> <\/strong>como Zileide Silva, Maju Coutinho e Aline Midlej, todas da TV Globo.\u00a0<\/p>\n<div class=\"dnd-widget-wrapper context-cheio_8colunas type-image\">\n<div class=\"dnd-atom-rendered\"><!-- scald=93628:cheio_8colunas --><br \/>\n            <img decoding=\"async\" src=\"https:\/\/agenciabrasil.ebc.com.br\/sites\/default\/files\/thumbnails\/image\/loading_v2.gif\" data-echo=\"https:\/\/imagens.ebc.com.br\/bmJloudo2bKrr8qqoXjYNxgHs5s=\/754x0\/smart\/https:\/\/agenciabrasil.ebc.com.br\/sites\/default\/files\/atoms\/image\/1032915-wdo_9140.jpg?itok=UG4dqUDl\" alt=\"Bras\u00edlia - Jornalistas da EBC, Luciana Barreto e Juliana C\u00e9zar Nunes, participam de debate sobre a atual estrutura do sistema de comunica\u00e7\u00e3o brasileiro, no Festival Latinidades  (Wilson Dias\/Ag\u00eancia Brasil)\" title=\"Wilson Dias\/Ag\u00eancia Brasil\"><br \/>\n        <noscript><img decoding=\"async\" src=\"https:\/\/imagens.ebc.com.br\/bmJloudo2bKrr8qqoXjYNxgHs5s=\/754x0\/smart\/https:\/\/agenciabrasil.ebc.com.br\/sites\/default\/files\/atoms\/image\/1032915-wdo_9140.jpg?itok=UG4dqUDl\" alt=\"Bras\u00edlia - Jornalistas da EBC, Luciana Barreto e Juliana C\u00e9zar Nunes, participam de debate sobre a atual estrutura do sistema de comunica\u00e7\u00e3o brasileiro, no Festival Latinidades  (Wilson Dias\/Ag\u00eancia Brasil)\" title=\"Wilson Dias\/Ag\u00eancia Brasil\"><\/noscript><br \/>\n    <!-- END scald=93628 --><\/div>\n<div class=\"dnd-caption-wrapper\">\n<h6 class=\"meta\"><!--copyright=93628-->Bras\u00edlia &#8211; Jornalistas\u00a0Luciana Barreto e Juliana C\u00e9zar Nunes. <strong>Foto: Arquivo\/\u00a0Wilson Dias\/Ag\u00eancia Brasil<\/strong><!--END copyright=93628--><\/h6>\n<\/div>\n<\/div>\n<p><strong>A cerim\u00f4nia de premia\u00e7\u00e3o<\/strong>, que vai revelar o TOP 10 +Admirados Jornalistas do Ano, os mais votados nas cinco regi\u00f5es do pa\u00eds, al\u00e9m dos destaques entre os ve\u00edculos e as homenagens especiais, <strong>ocorre no dia 10 de novembro, na C\u00e2mara dos Vereadores de S\u00e3o Paulo<\/strong>.\u00a0<\/p>\n<h2>Outros reconhecimentos\u00a0<\/h2>\n<p>Al\u00e9m da indica\u00e7\u00e3o no Pr\u00eamio +Admirados Jornalistas Negros e Negras, a <strong>EBC tamb\u00e9m se destaca em outras premia\u00e7\u00f5es da mesma natureza<\/strong>.<\/p>\n<p>No\u00a0Pr\u00eamio Einstein +Admirados da Imprensa de Sa\u00fade, Ci\u00eancia e Bem-Estar, <strong><a href=\"https:\/\/agenciabrasil.ebc.com.br\/geral\/noticia\/2025-09\/premio-einstein-ebc-tem-tres-jornalistas-entre-os-25-admirados\" target=\"_blank\">Patr\u00edcia Serr\u00e3o, Paula Laboissi\u00e8re e T\u00e2mara Freire integram a lista Top 25 +Admirados Jornalistas do Ano<\/a><\/strong>, que nesta edi\u00e7\u00e3o ter\u00e1 26 profissionais, por causa de um empate.<\/p>\n<p>A <strong>Ag\u00eancia Brasil<\/strong> figura na lista de Ag\u00eancias de Not\u00edcias mais admiradas do pa\u00eds e o\u00a0<em>podcast VideBula<\/em>, da<strong> Radioag\u00eancia Nacional<\/strong>, divide o Top 3 +Admirados na categoria \u00c1udio.\u00a0<\/p>\n<p>A relev\u00e2ncia da <strong>EBC<\/strong> no cen\u00e1rio jornal\u00edstico foi refor\u00e7ada ainda com a presen\u00e7a de <strong>tr\u00eas profissionais entre os\u00a0<a href=\"https:\/\/agenciabrasil.ebc.com.br\/geral\/noticia\/2025-09\/ebc-tem-tres-jornalistas-indicadas-ao-premio-os-100-admirados\" target=\"_blank\">100 +Admirados Jornalistas Brasileiros de 2025: Luciana Barreto, Patr\u00edcia Serr\u00e3o e Ra\u00edssa Saraiva<\/a><\/strong>. A edi\u00e7\u00e3o registrou quase 30 mil votos, consolidando o reconhecimento do trabalho das jornalistas da empresa.\u00a0<\/p>\n","protected":false},"excerpt":{"rendered":"<p>Ap\u00f3s dois turnos, o Pr\u00eamio +Admirados Jornalistas Negros e Negras da Imprensa Brasileira 2025 anunciou, nesta sexta-feira (3), os profissionais e ve\u00edculos que ser\u00e3o homenageados nesta edi\u00e7\u00e3o. A\u00a0Empresa Brasil de Comunica\u00e7\u00e3o (EBC)\u00a0celebra a presen\u00e7a de duas profissionais entre os vencedores: a apresentadora da TV Brasil, Luciana Barreto, e a gerente de Jornalismo Digital da EBC, [&hellip;]<\/p>\n","protected":false},"author":30,"featured_media":19038,"comment_status":"open","ping_status":"open","sticky":false,"template":"","format":"standard","meta":{"rop_custom_images_group":[],"rop_custom_messages_group":[],"rop_publish_now":"initial","rop_publish_now_accounts":{"facebook_9070789419679556_1658623117598344":""},"rop_publish_now_history":[],"rop_publish_now_status":"pending","site-sidebar-layout":"default","site-content-layout":"","ast-site-content-layout":"","site-content-style":"default","site-sidebar-style":"default","ast-global-header-display":"","ast-banner-title-visibility":"","ast-main-header-display":"","ast-hfb-above-header-display":"","ast-hfb-below-header-display":"","ast-hfb-mobile-header-display":"","site-post-title":"","ast-breadcrumbs-content":"","ast-featured-img":"","footer-sml-layout":"","theme-transparent-header-meta":"","adv-header-id-meta":"","stick-header-meta":"","header-above-stick-meta":"","header-main-stick-meta":"","header-below-stick-meta":"","astra-migrate-meta-layouts":"default","ast-page-background-enabled":"default","ast-page-background-meta":{"desktop":{"background-color":"var(--ast-global-color-4)","background-image":"","background-repeat":"repeat","background-position":"center center","background-size":"auto","background-attachment":"scroll","background-type":"","background-media":"","overlay-type":"","overlay-color":"","overlay-opacity":"","overlay-gradient":""},"tablet":{"background-color":"","background-image":"","background-repeat":"repeat","background-position":"center center","background-size":"auto","background-attachment":"scroll","background-type":"","background-media":"","overlay-type":"","overlay-color":"","overlay-opacity":"","overlay-gradient":""},"mobile":{"background-color":"","background-image":"","background-repeat":"repeat","background-position":"center center","background-size":"auto","background-attachment":"scroll","background-type":"","background-media":"","overlay-type":"","overlay-color":"","overlay-opacity":"","overlay-gradient":""}},"ast-content-background-meta":{"desktop":{"background-color":"var(--ast-global-color-5)","background-image":"","background-repeat":"repeat","background-position":"center center","background-size":"auto","background-attachment":"scroll","background-type":"","background-media":"","overlay-type":"","overlay-color":"","overlay-opacity":"","overlay-gradient":""},"tablet":{"background-color":"var(--ast-global-color-5)","background-image":"","background-repeat":"repeat","background-position":"center center","background-size":"auto","background-attachment":"scroll","background-type":"","background-media":"","overlay-type":"","overlay-color":"","overlay-opacity":"","overlay-gradient":""},"mobile":{"background-color":"var(--ast-global-color-5)","background-image":"","background-repeat":"repeat","background-position":"center center","background-size":"auto","background-attachment":"scroll","background-type":"","background-media":"","overlay-type":"","overlay-color":"","overlay-opacity":"","overlay-gradient":""}},"footnotes":""},"categories":[4],"tags":[],"class_list":["post-19037","post","type-post","status-publish","format-standard","has-post-thumbnail","hentry","category-brasil"],"_links":{"self":[{"href":"https:\/\/alternativatvstreaming.com.br\/index.php?rest_route=\/wp\/v2\/posts\/19037","targetHints":{"allow":["GET"]}}],"collection":[{"href":"https:\/\/alternativatvstreaming.com.br\/index.php?rest_route=\/wp\/v2\/posts"}],"about":[{"href":"https:\/\/alternativatvstreaming.com.br\/index.php?rest_route=\/wp\/v2\/types\/post"}],"author":[{"embeddable":true,"href":"https:\/\/alternativatvstreaming.com.br\/index.php?rest_route=\/wp\/v2\/users\/30"}],"replies":[{"embeddable":true,"href":"https:\/\/alternativatvstreaming.com.br\/index.php?rest_route=%2Fwp%2Fv2%2Fcomments&post=19037"}],"version-history":[{"count":0,"href":"https:\/\/alternativatvstreaming.com.br\/index.php?rest_route=\/wp\/v2\/posts\/19037\/revisions"}],"wp:featuredmedia":[{"embeddable":true,"href":"https:\/\/alternativatvstreaming.com.br\/index.php?rest_route=\/wp\/v2\/media\/19038"}],"wp:attachment":[{"href":"https:\/\/alternativatvstreaming.com.br\/index.php?rest_route=%2Fwp%2Fv2%2Fmedia&parent=19037"}],"wp:term":[{"taxonomy":"category","embeddable":true,"href":"https:\/\/alternativatvstreaming.com.br\/index.php?rest_route=%2Fwp%2Fv2%2Fcategories&post=19037"},{"taxonomy":"post_tag","embeddable":true,"href":"https:\/\/alternativatvstreaming.com.br\/index.php?rest_route=%2Fwp%2Fv2%2Ftags&post=19037"}],"curies":[{"name":"wp","href":"https:\/\/api.w.org\/{rel}","templated":true}]}}