{"id":21141,"date":"2025-10-30T22:55:37","date_gmt":"2025-10-31T01:55:37","guid":{"rendered":"https:\/\/alternativatvstreaming.com.br\/?p=21141"},"modified":"2025-10-30T22:55:39","modified_gmt":"2025-10-31T01:55:39","slug":"fim-da-escala-6x1-sera-tema-de-audiencia-publica-na-camara-de-limeira","status":"publish","type":"post","link":"https:\/\/alternativatvstreaming.com.br\/?p=21141","title":{"rendered":"Fim da escala 6X1 ser\u00e1 tema de audi\u00eancia p\u00fablica na C\u00e2mara de Limeira"},"content":{"rendered":"\n<p>Evento acontece no dia 28 de novembro, \u00e0s 18h, e ter\u00e1 transmiss\u00e3o ao vivo<\/p>\n\n\n\n<p>Com o objetivo de debater o fim da escala 6X1, a Comiss\u00e3o de Direitos Humanos da C\u00e2mara agendou uma audi\u00eancia p\u00fablica sobre o tema para o dia 28 de novembro, \u00e0s 18h, no Plen\u00e1rio Vereador Vit\u00f3rio Bortolan. O evento ser\u00e1 transmitido ao vivo pelos canais de comunica\u00e7\u00e3o do Legislativo no&nbsp;<a href=\"https:\/\/www.youtube.com\/user\/camaradelimeira\">Youtube<\/a>,&nbsp;<a href=\"https:\/\/www.facebook.com\/camaradelimeira\/\">Facebook<\/a>&nbsp;e&nbsp;<a href=\"http:\/\/www.limeira.sp.leg.br\/sessoes\/aovivo\">site<\/a>.<\/p>\n\n\n\n<p>Para a ocasi\u00e3o foram convidados representantes da Associa\u00e7\u00e3o Comercial e Industrial de Limeira (Acil) e da Uni\u00e3o Sindical dos Trabalhadores de Limeira (USTL).<\/p>\n\n\n\n<p>O tema ser\u00e1 debatido em audi\u00eancia devido \u00e0 tramita\u00e7\u00e3o da&nbsp;<a href=\"https:\/\/www.camara.leg.br\/proposicoesWeb\/fichadetramitacao?idProposicao=2485341\">Proposta de Emenda \u00e0 Constitui\u00e7\u00e3o (PEC) N\u00ba 8\/2025<\/a>, em tramita\u00e7\u00e3o na Comiss\u00e3o de Constitui\u00e7\u00e3o e Justi\u00e7a (CCJ) do Senado Federal, que reduz a jornada m\u00e1xima de trabalho, que hoje \u00e9 de 44 horas semanais, para 36 horas semanais.<\/p>\n\n\n\n<p>A delibera\u00e7\u00e3o aconteceu na reuni\u00e3o do colegiado desta quarta-feira, 29 de outubro, e foi registrada em&nbsp;<a href=\"https:\/\/consulta.limeira.sp.leg.br\/arquivo?Id=538974\">ata<\/a>. Fazem parte da Comiss\u00e3o Isabelly Carvalho (PT), presidente; Carlinhos do Grotta (PL), vice-presidente; e Bruna Magalh\u00e3es (PRTB), secret\u00e1ria.&nbsp;<\/p>\n\n\n\n<p>\u00c9 de compet\u00eancia do colegiado tratar e fiscalizar assuntos relacionados \u00e0 defesa dos Direitos Humanos, dos Direitos do Consumidor, dos Direitos da Crian\u00e7a e do Adolescente e dos Direitos do Idoso, bem como \u00e0 cidadania.&nbsp;<\/p>\n","protected":false},"excerpt":{"rendered":"<p>Evento acontece no dia 28 de novembro, \u00e0s 18h, e ter\u00e1 transmiss\u00e3o ao vivo Com o objetivo de debater o fim da escala 6X1, a Comiss\u00e3o de Direitos Humanos da C\u00e2mara agendou uma audi\u00eancia p\u00fablica sobre o tema para o dia 28 de novembro, \u00e0s 18h, no Plen\u00e1rio Vereador Vit\u00f3rio Bortolan. O evento ser\u00e1 transmitido [&hellip;]<\/p>\n","protected":false},"author":1,"featured_media":21142,"comment_status":"open","ping_status":"closed","sticky":false,"template":"","format":"standard","meta":{"rop_custom_images_group":[],"rop_custom_messages_group":[],"rop_publish_now":"no","rop_publish_now_accounts":{"facebook_9070789419679556_1658623117598344":""},"rop_publish_now_history":[{"account":"facebook_9070789419679556_1658623117598344","service":"facebook","timestamp":1761875970,"status":"success"}],"rop_publish_now_status":"done","site-sidebar-layout":"default","site-content-layout":"","ast-site-content-layout":"default","site-content-style":"default","site-sidebar-style":"default","ast-global-header-display":"","ast-banner-title-visibility":"","ast-main-header-display":"","ast-hfb-above-header-display":"","ast-hfb-below-header-display":"","ast-hfb-mobile-header-display":"","site-post-title":"","ast-breadcrumbs-content":"","ast-featured-img":"","footer-sml-layout":"","theme-transparent-header-meta":"","adv-header-id-meta":"","stick-header-meta":"","header-above-stick-meta":"","header-main-stick-meta":"","header-below-stick-meta":"","astra-migrate-meta-layouts":"set","ast-page-background-enabled":"default","ast-page-background-meta":{"desktop":{"background-color":"var(--ast-global-color-4)","background-image":"","background-repeat":"repeat","background-position":"center center","background-size":"auto","background-attachment":"scroll","background-type":"","background-media":"","overlay-type":"","overlay-color":"","overlay-opacity":"","overlay-gradient":""},"tablet":{"background-color":"","background-image":"","background-repeat":"repeat","background-position":"center center","background-size":"auto","background-attachment":"scroll","background-type":"","background-media":"","overlay-type":"","overlay-color":"","overlay-opacity":"","overlay-gradient":""},"mobile":{"background-color":"","background-image":"","background-repeat":"repeat","background-position":"center center","background-size":"auto","background-attachment":"scroll","background-type":"","background-media":"","overlay-type":"","overlay-color":"","overlay-opacity":"","overlay-gradient":""}},"ast-content-background-meta":{"desktop":{"background-color":"var(--ast-global-color-5)","background-image":"","background-repeat":"repeat","background-position":"center center","background-size":"auto","background-attachment":"scroll","background-type":"","background-media":"","overlay-type":"","overlay-color":"","overlay-opacity":"","overlay-gradient":""},"tablet":{"background-color":"var(--ast-global-color-5)","background-image":"","background-repeat":"repeat","background-position":"center center","background-size":"auto","background-attachment":"scroll","background-type":"","background-media":"","overlay-type":"","overlay-color":"","overlay-opacity":"","overlay-gradient":""},"mobile":{"background-color":"var(--ast-global-color-5)","background-image":"","background-repeat":"repeat","background-position":"center center","background-size":"auto","background-attachment":"scroll","background-type":"","background-media":"","overlay-type":"","overlay-color":"","overlay-opacity":"","overlay-gradient":""}},"footnotes":""},"categories":[84,165],"tags":[125],"class_list":["post-21141","post","type-post","status-publish","format-standard","has-post-thumbnail","hentry","category-politica","category-politica-2","tag-limeira"],"_links":{"self":[{"href":"https:\/\/alternativatvstreaming.com.br\/index.php?rest_route=\/wp\/v2\/posts\/21141","targetHints":{"allow":["GET"]}}],"collection":[{"href":"https:\/\/alternativatvstreaming.com.br\/index.php?rest_route=\/wp\/v2\/posts"}],"about":[{"href":"https:\/\/alternativatvstreaming.com.br\/index.php?rest_route=\/wp\/v2\/types\/post"}],"author":[{"embeddable":true,"href":"https:\/\/alternativatvstreaming.com.br\/index.php?rest_route=\/wp\/v2\/users\/1"}],"replies":[{"embeddable":true,"href":"https:\/\/alternativatvstreaming.com.br\/index.php?rest_route=%2Fwp%2Fv2%2Fcomments&post=21141"}],"version-history":[{"count":1,"href":"https:\/\/alternativatvstreaming.com.br\/index.php?rest_route=\/wp\/v2\/posts\/21141\/revisions"}],"predecessor-version":[{"id":21143,"href":"https:\/\/alternativatvstreaming.com.br\/index.php?rest_route=\/wp\/v2\/posts\/21141\/revisions\/21143"}],"wp:featuredmedia":[{"embeddable":true,"href":"https:\/\/alternativatvstreaming.com.br\/index.php?rest_route=\/wp\/v2\/media\/21142"}],"wp:attachment":[{"href":"https:\/\/alternativatvstreaming.com.br\/index.php?rest_route=%2Fwp%2Fv2%2Fmedia&parent=21141"}],"wp:term":[{"taxonomy":"category","embeddable":true,"href":"https:\/\/alternativatvstreaming.com.br\/index.php?rest_route=%2Fwp%2Fv2%2Fcategories&post=21141"},{"taxonomy":"post_tag","embeddable":true,"href":"https:\/\/alternativatvstreaming.com.br\/index.php?rest_route=%2Fwp%2Fv2%2Ftags&post=21141"}],"curies":[{"name":"wp","href":"https:\/\/api.w.org\/{rel}","templated":true}]}}