{"id":21147,"date":"2025-10-30T23:04:48","date_gmt":"2025-10-31T02:04:48","guid":{"rendered":"https:\/\/alternativatvstreaming.com.br\/?p=21147"},"modified":"2025-10-30T23:04:49","modified_gmt":"2025-10-31T02:04:49","slug":"comissao-apresenta-minuta-de-projeto-para-regulamentar-trailers-food-trucks-e-similares-em-areas-publicas","status":"publish","type":"post","link":"https:\/\/alternativatvstreaming.com.br\/?p=21147","title":{"rendered":"Comiss\u00e3o apresenta minuta de projeto para regulamentar trailers, food trucks e similares em \u00e1reas p\u00fablicas"},"content":{"rendered":"\n<p>Proposta s\u00f3 tramitar\u00e1 ap\u00f3s o amplo di\u00e1logo com comerciantes e Prefeitura<\/p>\n\n\n\n<p>Regulamentar o com\u00e9rcio para instala\u00e7\u00e3o de&nbsp;<em>trailers, food trucks<\/em>,&nbsp;<em>containers<\/em>&nbsp;e&nbsp;<em>smart stores.<\/em>&nbsp;Esse \u00e9 um dos objetivos da minuta de projeto que vai autorizar a explora\u00e7\u00e3o de atividades econ\u00f4micas em logradouros p\u00fablicos, com ocupa\u00e7\u00e3o controlada. A proposta elaborada pelos vereadores Everton Ferreira (PSD), Felipe Penedo (PL) e Waguinho da Santa Luzia (PP) foi apresentada pela Comiss\u00e3o de Meio Ambiente da C\u00e2mara na reuni\u00e3o desta quinta-feira, 30 de outubro.&nbsp;&nbsp;&nbsp;<\/p>\n\n\n\n<p>Ap\u00f3s dar publicidade e explicar os dispositivos da minuta, o colegiado abriu prazo para que a categoria analise o documento e apresente sugest\u00f5es. As demandas devem ser organizadas pelos comerciantes e ser\u00e3o discutidas na pr\u00f3xima reuni\u00e3o da Comiss\u00e3o no dia 27 de novembro, \u00e0s 15h, no Plen\u00e1rio da C\u00e2mara (Rua Clarino Peixoto, 280 &#8211; Jardim Maria Buchi Modeneis).&nbsp;&nbsp;&nbsp;&nbsp;&nbsp;<\/p>\n\n\n\n<p>Segundo o colegiado, o projeto s\u00f3 tramitar\u00e1 ap\u00f3s acep\u00e7\u00e3o entre os envolvidos e as revis\u00f5es necess\u00e1rias pela C\u00e2mara. A minuta do projeto na \u00edntegra est\u00e1 dispon\u00edvel neste<a href=\"https:\/\/consulta.limeira.sp.leg.br\/arquivo?Id=539509\">&nbsp;link<\/a>. A discuss\u00e3o tamb\u00e9m foi transmitida e gravada pelo Legislativo limeirense, para conferir o v\u00eddeo<a href=\"https:\/\/youtu.be\/R8JzlwL1ooI?t=1106\">&nbsp;clique aqui<\/a>.&nbsp;&nbsp;&nbsp;&nbsp;&nbsp;&nbsp;&nbsp;<\/p>\n\n\n\n<p>Fazem parte da Comiss\u00e3o de Meio Ambiente os vereadores Felipe Penedo, presidente; Tatiane Lopes (Avante), vice-presidente, e Helder do T\u00e1xi (PSD), secret\u00e1rio. Contribu\u00edram com o debate representantes das secretarias de Meio Ambiente e Saneamento, de Obras e Servi\u00e7os P\u00fablicos, de Planejamento e Urbanismo, de Mobilidade Urbana, e de Sa\u00fade. O Polo de Alimenta\u00e7\u00e3o e Lazer Associativo de Limeira e Regi\u00e3o tamb\u00e9m estava representado.&nbsp;<\/p>\n\n\n\n<p><strong>Alguns pontos da minuta<\/strong><\/p>\n\n\n\n<p>O conte\u00fado da minuta busca a revitaliza\u00e7\u00e3o e reocupa\u00e7\u00e3o ordenada das \u00e1reas p\u00fablicas, contribuindo para o incentivo ao com\u00e9rcio local e o uso sustent\u00e1vel dos equipamentos urbanos. O texto abrange regras para a utiliza\u00e7\u00e3o dos espa\u00e7os p\u00fablicos por pessoas f\u00edsicas e jur\u00eddicas, estabelecimentos comerciais e para instala\u00e7\u00e3o, perman\u00eancia e opera\u00e7\u00e3o de&nbsp;<em>trailers, containers, food trucks, smart stores<\/em>&nbsp;e estruturas similares no munic\u00edpio de Limeira.<\/p>\n\n\n\n<p>A proposta prev\u00ea, por exemplo, as atividades realizadas de forma itinerante, em ponto m\u00f3vel, de forma eventual, em ponto fixo. O documento considera, inclusive, que podem ser permitidas a essas instala\u00e7\u00f5es a liga\u00e7\u00e3o de \u00e1gua, esgoto e energia el\u00e9trica, an\u00e1lise t\u00e9cnica dos setores competentes da Prefeitura.&nbsp;<\/p>\n\n\n\n<p>Os vereadores prop\u00f5em que sejam definidos crit\u00e9rios claros de localiza\u00e7\u00e3o, como as dist\u00e2ncias m\u00ednimas entre as estruturas. Outro ponto s\u00e3o as veda\u00e7\u00f5es em \u00e1reas de risco, \u00e1reas de preserva\u00e7\u00e3o permanente ou locais que obstruem a livre circula\u00e7\u00e3o de pedestres, ciclistas e\/ou ve\u00edculos.&nbsp; A finalidade \u00e9 que o ordenamento urbano, a seguran\u00e7a e a acessibilidade sejam assegurados. Al\u00e9m disso, a lei pro\u00edbe, de forma expressa, atividades relacionadas a produtos falsificados, drogas, armas e muni\u00e7\u00f5es, explosivos, e quaisquer produtos de proced\u00eancia d\u00fabia ou que causem risco \u00e0 sa\u00fade.&nbsp;&nbsp;&nbsp; &nbsp; &nbsp;<\/p>\n\n\n\n<p>Em rela\u00e7\u00e3o \u00e0 corresponsabilidade do Poder P\u00fablico, entre os dispositivos existe a previs\u00e3o de que a Prefeitura, em parceria com os empreendedores, dever\u00e1, sempre que poss\u00edvel, projetar ou promover adapta\u00e7\u00f5es nas estruturas de pra\u00e7as para permitir a instala\u00e7\u00e3o dos equipamentos de forma a evitar conflitos de uso ou com a infraestrutura local.&nbsp;&nbsp;<\/p>\n\n\n\n<p><strong>Hist\u00f3rico&nbsp;<\/strong><\/p>\n\n\n\n<p>A reuni\u00e3o desta semana deu continuidade \u00e0s demandas levantadas durante uma&nbsp;<a href=\"https:\/\/www.limeira.sp.leg.br\/noticias\/view\/2025-07-04_audiencia-publica-vereadores-dialogam-com-comerciantes-e-prefeitura-sobre-regulamentacao-de-trailers\">audi\u00eancia p\u00fablica sobre o tema<\/a>&nbsp;realizada pela Comiss\u00e3o no dia 3 de julho. A necessidade de estudo e adequa\u00e7\u00e3o das leis vigentes foi pautada pelo presidente da C\u00e2mara, Everton Ferreira. Ap\u00f3s o evento, tamb\u00e9m foi elaborado um relat\u00f3rio pela Consultoria T\u00e9cnica Especializada da Casa.&nbsp;<\/p>\n","protected":false},"excerpt":{"rendered":"<p>Proposta s\u00f3 tramitar\u00e1 ap\u00f3s o amplo di\u00e1logo com comerciantes e Prefeitura Regulamentar o com\u00e9rcio para instala\u00e7\u00e3o de&nbsp;trailers, food trucks,&nbsp;containers&nbsp;e&nbsp;smart stores.&nbsp;Esse \u00e9 um dos objetivos da minuta de projeto que vai autorizar a explora\u00e7\u00e3o de atividades econ\u00f4micas em logradouros p\u00fablicos, com ocupa\u00e7\u00e3o controlada. A proposta elaborada pelos vereadores Everton Ferreira (PSD), Felipe Penedo (PL) e Waguinho [&hellip;]<\/p>\n","protected":false},"author":1,"featured_media":21148,"comment_status":"open","ping_status":"closed","sticky":false,"template":"","format":"standard","meta":{"rop_custom_images_group":[],"rop_custom_messages_group":[],"rop_publish_now":"no","rop_publish_now_accounts":{"facebook_9070789419679556_1658623117598344":""},"rop_publish_now_history":[{"account":"facebook_9070789419679556_1658623117598344","service":"facebook","timestamp":1761876361,"status":"success"}],"rop_publish_now_status":"done","site-sidebar-layout":"default","site-content-layout":"","ast-site-content-layout":"default","site-content-style":"default","site-sidebar-style":"default","ast-global-header-display":"","ast-banner-title-visibility":"","ast-main-header-display":"","ast-hfb-above-header-display":"","ast-hfb-below-header-display":"","ast-hfb-mobile-header-display":"","site-post-title":"","ast-breadcrumbs-content":"","ast-featured-img":"","footer-sml-layout":"","theme-transparent-header-meta":"","adv-header-id-meta":"","stick-header-meta":"","header-above-stick-meta":"","header-main-stick-meta":"","header-below-stick-meta":"","astra-migrate-meta-layouts":"set","ast-page-background-enabled":"default","ast-page-background-meta":{"desktop":{"background-color":"var(--ast-global-color-4)","background-image":"","background-repeat":"repeat","background-position":"center center","background-size":"auto","background-attachment":"scroll","background-type":"","background-media":"","overlay-type":"","overlay-color":"","overlay-opacity":"","overlay-gradient":""},"tablet":{"background-color":"","background-image":"","background-repeat":"repeat","background-position":"center center","background-size":"auto","background-attachment":"scroll","background-type":"","background-media":"","overlay-type":"","overlay-color":"","overlay-opacity":"","overlay-gradient":""},"mobile":{"background-color":"","background-image":"","background-repeat":"repeat","background-position":"center center","background-size":"auto","background-attachment":"scroll","background-type":"","background-media":"","overlay-type":"","overlay-color":"","overlay-opacity":"","overlay-gradient":""}},"ast-content-background-meta":{"desktop":{"background-color":"var(--ast-global-color-5)","background-image":"","background-repeat":"repeat","background-position":"center center","background-size":"auto","background-attachment":"scroll","background-type":"","background-media":"","overlay-type":"","overlay-color":"","overlay-opacity":"","overlay-gradient":""},"tablet":{"background-color":"var(--ast-global-color-5)","background-image":"","background-repeat":"repeat","background-position":"center center","background-size":"auto","background-attachment":"scroll","background-type":"","background-media":"","overlay-type":"","overlay-color":"","overlay-opacity":"","overlay-gradient":""},"mobile":{"background-color":"var(--ast-global-color-5)","background-image":"","background-repeat":"repeat","background-position":"center center","background-size":"auto","background-attachment":"scroll","background-type":"","background-media":"","overlay-type":"","overlay-color":"","overlay-opacity":"","overlay-gradient":""}},"footnotes":""},"categories":[84,165],"tags":[125],"class_list":["post-21147","post","type-post","status-publish","format-standard","has-post-thumbnail","hentry","category-politica","category-politica-2","tag-limeira"],"_links":{"self":[{"href":"https:\/\/alternativatvstreaming.com.br\/index.php?rest_route=\/wp\/v2\/posts\/21147","targetHints":{"allow":["GET"]}}],"collection":[{"href":"https:\/\/alternativatvstreaming.com.br\/index.php?rest_route=\/wp\/v2\/posts"}],"about":[{"href":"https:\/\/alternativatvstreaming.com.br\/index.php?rest_route=\/wp\/v2\/types\/post"}],"author":[{"embeddable":true,"href":"https:\/\/alternativatvstreaming.com.br\/index.php?rest_route=\/wp\/v2\/users\/1"}],"replies":[{"embeddable":true,"href":"https:\/\/alternativatvstreaming.com.br\/index.php?rest_route=%2Fwp%2Fv2%2Fcomments&post=21147"}],"version-history":[{"count":1,"href":"https:\/\/alternativatvstreaming.com.br\/index.php?rest_route=\/wp\/v2\/posts\/21147\/revisions"}],"predecessor-version":[{"id":21149,"href":"https:\/\/alternativatvstreaming.com.br\/index.php?rest_route=\/wp\/v2\/posts\/21147\/revisions\/21149"}],"wp:featuredmedia":[{"embeddable":true,"href":"https:\/\/alternativatvstreaming.com.br\/index.php?rest_route=\/wp\/v2\/media\/21148"}],"wp:attachment":[{"href":"https:\/\/alternativatvstreaming.com.br\/index.php?rest_route=%2Fwp%2Fv2%2Fmedia&parent=21147"}],"wp:term":[{"taxonomy":"category","embeddable":true,"href":"https:\/\/alternativatvstreaming.com.br\/index.php?rest_route=%2Fwp%2Fv2%2Fcategories&post=21147"},{"taxonomy":"post_tag","embeddable":true,"href":"https:\/\/alternativatvstreaming.com.br\/index.php?rest_route=%2Fwp%2Fv2%2Ftags&post=21147"}],"curies":[{"name":"wp","href":"https:\/\/api.w.org\/{rel}","templated":true}]}}