{"id":21152,"date":"2025-10-30T23:53:36","date_gmt":"2025-10-31T02:53:36","guid":{"rendered":"https:\/\/alternativatvstreaming.com.br\/?p=21152"},"modified":"2025-10-30T23:53:36","modified_gmt":"2025-10-31T02:53:36","slug":"sete-governadores-anunciam-consorcio-da-paz-apos-operacao-no-rio","status":"publish","type":"post","link":"https:\/\/alternativatvstreaming.com.br\/?p=21152","title":{"rendered":"Sete governadores anunciam &#8220;Cons\u00f3rcio da Paz&#8221; ap\u00f3s opera\u00e7\u00e3o no Rio"},"content":{"rendered":"<\/p>\n<p><a class=\"\" href=\"https:\/\/agenciabrasil.ebc.com.br\/politica\/noticia\/2025-10\/sete-governadores-anunciam-consorcio-da-paz-apos-operacao-no-rio\"><br \/>\n                    <img decoding=\"async\" src=\"https:\/\/cdn.jsdelivr.net\/gh\/sergiosdlima\/assets-ebc@1.0.0\/abr\/assets\/images\/logo-agenciabrasil.svg\" alt=\"Logo Ag\u00eancia Brasil\"><br \/>\n\t\t\t\t<\/a><\/p>\n<p><strong>Sete governadores\u00a0anunciaram nesta quinta-feira (30) a cria\u00e7\u00e3o do &#8220;Cons\u00f3rcio da Paz&#8221;<\/strong>, um projeto de integra\u00e7\u00e3o para trocar informa\u00e7\u00f5es de intelig\u00eancia, prestar apoio financeiro e de contingente policial no combate ao crime organizado.<img decoding=\"async\" src=\"https:\/\/agenciabrasil.ebc.com.br\/ebc.png?id=1665361&#038;o=rss\"><img decoding=\"async\" src=\"https:\/\/agenciabrasil.ebc.com.br\/ebc.gif?id=1665361&#038;o=rss\"><\/p>\n<p>A <strong>medida ocorre depois da opera\u00e7\u00e3o no Rio de Janeiro que deixou pelo menos 121 mortos<\/strong> nos complexos do Alem\u00e3o e da Penha.<\/p>\n<\/p>\n<h3>Not\u00edcias relacionadas:<\/h3>\n<ul>\n<li><a href=\"https:\/\/agenciabrasil.ebc.com.br\/geral\/noticia\/2025-10\/iml-do-rio-identifica-100-dos-121-mortos-na-operacao-contencao\">IML do Rio identifica 100 dos 121 mortos na Opera\u00e7\u00e3o Conten\u00e7\u00e3o.<\/a><\/li>\n<li><a href=\"https:\/\/agenciabrasil.ebc.com.br\/direitos-humanos\/noticia\/2025-10\/macae-evaristo-promete-pericia-independente-para-operacao-no-rio\">Ministra quer per\u00edcia independente ap\u00f3s reuni\u00e3o com fam\u00edlias no Rio.<\/a><\/li>\n<\/ul>\n<p>A reuni\u00e3o ocorreu no Pal\u00e1cio Guanabara, sede do governo fluminense.<\/p>\n<p>Al\u00e9m do governador do Rio de Janeiro, Cl\u00e1udio Castro,\u00a0participaram Romeu Zema (Novo), de Minas Gerais;\u00a0Jorginho Mello (PL), de Santa Catarina;\u00a0Eduardo Riedel (Progressistas), do Mato Grosso do Sul;\u00a0Ronaldo Caiado (Uni\u00e3o Brasil), de Goi\u00e1s;\u00a0e a vice-governadora do Distrito Federal, Celina Le\u00e3o (Progressistas). O governador de S\u00e3o Paulo, Tarc\u00edsio de Freitas (Republicanos), participou remotamente, por chamada de v\u00eddeo.<\/p>\n<p>O <strong>Rio de Janeiro ser\u00e1 a sede inicial do cons\u00f3rcio e vai organizar o processo de formaliza\u00e7\u00e3o do grupo<\/strong>.<\/p>\n<p>De acordo com Castro, a ideia \u00e9 compartilhar estrat\u00e9gias de combate ao crime.\u00a0<\/p>\n<blockquote>\n<p>&#8220;Faremos um cons\u00f3rcio entre estados no modelo de outros cons\u00f3rcios que existem para que n\u00f3s possamos dividir as experi\u00eancias, solu\u00e7\u00f5es e a\u00e7\u00f5es do combate ao crime organizado&#8221;, disse Castro.<\/p>\n<\/blockquote>\n<p>Apesar de ser liderado por governadores alinhados politicamente, eles informaram que a inten\u00e7\u00e3o \u00e9 incluir\u00a0todos os estados da Federa\u00e7\u00e3o.<\/p>\n<p>&#8220;N\u00f3s vamos perseguir o objetivo de integrar as 27 unidades da Federa\u00e7\u00e3o, para que a gente troque experi\u00eancia, empr\u00e9stimos e material humano, porque n\u00f3s temos gente qualificad\u00edssima. Para que possamos comprar equipamentos de forma consorciada e enfrentar definitivamente essa onda de viol\u00eancia do Brasil, que n\u00e3o \u00e9 s\u00f3 do Rio de Janeiro, \u00e9 de todos os estados&#8221;, disse o governador de Santa Catarina, Jorginho Mello.\u00a0<\/p>\n<h2>Opera\u00e7\u00e3o Conten\u00e7\u00e3o<\/h2>\n<p>Todos os governadores presentes elogiaram os resultados da\u00a0a\u00e7\u00e3o policial nos complexos da Penha e do Alem\u00e3o.<\/p>\n<p>Para o governador de Minas Gerais, Romeu Zema, a opera\u00e7\u00e3o deve ser &#8220;considerada a mais bem-sucedida&#8221;. &#8220;As for\u00e7as de seguran\u00e7a do Rio de Janeiro fizeram, no meu entender, uma opera\u00e7\u00e3o que vai fazer parte da seguran\u00e7a p\u00fablica no Brasil&#8221;, disse.<\/p>\n<p>A opera\u00e7\u00e3o resultou na morte de 121 pessoas, sendo quatro policiais militares, apreens\u00e3o de 93 fuzis\u00a0e\u00a0provocou\u00a0caos na cidade, com interdi\u00e7\u00e3o de vias. O\u00a0objetivo principal anunciado previamente era\u00a0a captura de Edgar Alves de Andrade, conhecido como Doca, tido como principal chefe da fac\u00e7\u00e3o criminosa Comando Vermelho, por\u00e9m <strong>ele n\u00e3o foi preso na opera\u00e7\u00e3o<\/strong>.<\/p>\n<p>No sentido contr\u00e1rio, especialistas em seguran\u00e7a p\u00fablica t\u00eam destacado que o crime organizado envolve redes econ\u00f4micas e sociais complexas, e que<a href=\"https:\/\/agenciabrasil.ebc.com.br\/direitos-humanos\/noticia\/2025-10\/megaoperacoes-geram-prejuizos-e-nao-trazem-paz-apontam-especialistas\" target=\"_blank\"> opera\u00e7\u00f5es policiais isoladas n\u00e3o conseguem atacar suas ra\u00edzes<\/a>. Organiza\u00e7\u00f5es da sociedade civil e movimentos sociais criticam a <a href=\"https:\/\/agenciabrasil.ebc.com.br\/direitos-humanos\/noticia\/2025-10\/letalidade-da-operacao-contencao-desrespeita-comunidades-dizem-ongs\" target=\"_blank\">letalidade policial<\/a> e o desrespeito aos moradores da comunidade. Al\u00e9m disso, <a href=\"http:\/\/https\/\/agenciabrasil.ebc.com.br\/direitos-humanos\/noticia\/2025-10\/testemunhas-denunciam-execucoes-e-torturas-no-rio-carnificina\" target=\"_blank\">testemunhas denunciaram execu\u00e7\u00f5es e torturas <\/a>por parte dos policiais, enquanto moradores classificaram a a\u00e7\u00e3o como carnificina.<\/p>\n<p>Durante o encontro, os governadores falaram que o objetivo do cons\u00f3rcio \u00e9 oferecer a\u00e7\u00f5es pr\u00e1ticas, sem &#8220;politiza\u00e7\u00e3o&#8221; da seguran\u00e7a p\u00fablica.\u00a0<\/p>\n<p>No entanto, fizeram cr\u00edticas \u00e0 Proposta de Emenda \u00e0 Constitui\u00e7\u00e3o (PEC) da Seguran\u00e7a P\u00fablica, texto enviado pelo governo federal ao Congresso em abril de 2025. Um dos objetivos anunciados \u00e9 dar status constitucional ao Sistema \u00danico de Seguran\u00e7a P\u00fablica (SUSP), e integra\u00e7\u00e3o entre for\u00e7as de seguran\u00e7a em todo o pa\u00eds.<\/p>\n<p>&#8220;\u00danico objetivo do governo federal \u00e9 tirar dos governadores as diretrizes gerais da seguran\u00e7a p\u00fablica, que \u00e9 um determina\u00e7\u00e3o que a Constitui\u00e7\u00e3o de 88 nos deu. Querem transferir nossa autonomia e transformar em diretriz geral do Minist\u00e9rio da Justi\u00e7a. \u00c9 interven\u00e7\u00e3o direta nas pol\u00edcias dos estados&#8221;, afirmou o governador de Goi\u00e1s, Ronaldo Caiado.\u00a0<\/p>\n<p>A PEC estabelece que a <a href=\"https:\/\/agenciabrasil.ebc.com.br\/geral\/noticia\/2025-10\/aposta-do-governo-pec-da-seguranca-sofre-resistencias-no-congresso\" target=\"_blank\">Uni\u00e3o seja a respons\u00e1vel por elaborar a pol\u00edtica nacional de seguran\u00e7a p\u00fablica<\/a>, \u201ccujas diretrizes ser\u00e3o de observ\u00e2ncia obrigat\u00f3ria por parte dos entes federados, ouvido o Conselho Nacional de Seguran\u00e7a P\u00fablica e Defesa Social, integrado por representantes da Uni\u00e3o, dos Estados, do Distrito Federal e dos Munic\u00edpios\u201d. \u00a0O <strong>governo federal tem argumentado que a PEC mant\u00e9m as autonomias das for\u00e7as de seguran\u00e7a estaduais e distrital<\/strong>.<\/p>\n<h2>Escrit\u00f3rio emergencial\u00a0<\/h2>\n<p>Nessa quarta-feira (29), o\u00a0ministro da Justi\u00e7a e da Seguran\u00e7a P\u00fablica, Ricardo Lewandowski, e o governador Cl\u00e1udio Castro\u00a0anunciaram a\u00a0<a href=\"https:\/\/agenciabrasil.ebc.com.br\/politica\/noticia\/2025-10\/lewandowski-e-castro-anunciam-escritorio-emergencial-contra-crime\" target=\"_blank\">cria\u00e7\u00e3o de um escrit\u00f3rio emergencial para enfrentar o crime organizado no estad<\/a>o, com\u00a0objetivo de melhorar a integra\u00e7\u00e3o entre as esferas federal e estadual.<\/p>\n<p>Lewandowski disse que o governo federal vai aumentar o efetivo da Pol\u00edcia Rodovi\u00e1ria Federal em 50 agentes nas estradas e o efetivo de agentes de intelig\u00eancia no Rio, al\u00e9m do envio\u00a0de peritos.<\/p>\n<p>A pedido de Castro, o governo federal j\u00e1 autorizou a <a href=\"https:\/\/agenciabrasil.ebc.com.br\/politica\/noticia\/2025-10\/castro-quer-transferir-10-detentos-do-rio-para-presidios-federais\">transfer\u00eancia de dez presos para pres\u00eddios federais<\/a>.<\/p>\n","protected":false},"excerpt":{"rendered":"<p>Sete governadores\u00a0anunciaram nesta quinta-feira (30) a cria\u00e7\u00e3o do &#8220;Cons\u00f3rcio da Paz&#8221;, um projeto de integra\u00e7\u00e3o para trocar informa\u00e7\u00f5es de intelig\u00eancia, prestar apoio financeiro e de contingente policial no combate ao crime organizado. A medida ocorre depois da opera\u00e7\u00e3o no Rio de Janeiro que deixou pelo menos 121 mortos nos complexos do Alem\u00e3o e da Penha. [&hellip;]<\/p>\n","protected":false},"author":36,"featured_media":21153,"comment_status":"open","ping_status":"open","sticky":false,"template":"","format":"standard","meta":{"rop_custom_images_group":[],"rop_custom_messages_group":[],"rop_publish_now":"initial","rop_publish_now_accounts":{"facebook_9070789419679556_1658623117598344":""},"rop_publish_now_history":[],"rop_publish_now_status":"pending","site-sidebar-layout":"default","site-content-layout":"","ast-site-content-layout":"","site-content-style":"default","site-sidebar-style":"default","ast-global-header-display":"","ast-banner-title-visibility":"","ast-main-header-display":"","ast-hfb-above-header-display":"","ast-hfb-below-header-display":"","ast-hfb-mobile-header-display":"","site-post-title":"","ast-breadcrumbs-content":"","ast-featured-img":"","footer-sml-layout":"","theme-transparent-header-meta":"","adv-header-id-meta":"","stick-header-meta":"","header-above-stick-meta":"","header-main-stick-meta":"","header-below-stick-meta":"","astra-migrate-meta-layouts":"default","ast-page-background-enabled":"default","ast-page-background-meta":{"desktop":{"background-color":"var(--ast-global-color-4)","background-image":"","background-repeat":"repeat","background-position":"center center","background-size":"auto","background-attachment":"scroll","background-type":"","background-media":"","overlay-type":"","overlay-color":"","overlay-opacity":"","overlay-gradient":""},"tablet":{"background-color":"","background-image":"","background-repeat":"repeat","background-position":"center center","background-size":"auto","background-attachment":"scroll","background-type":"","background-media":"","overlay-type":"","overlay-color":"","overlay-opacity":"","overlay-gradient":""},"mobile":{"background-color":"","background-image":"","background-repeat":"repeat","background-position":"center center","background-size":"auto","background-attachment":"scroll","background-type":"","background-media":"","overlay-type":"","overlay-color":"","overlay-opacity":"","overlay-gradient":""}},"ast-content-background-meta":{"desktop":{"background-color":"var(--ast-global-color-5)","background-image":"","background-repeat":"repeat","background-position":"center center","background-size":"auto","background-attachment":"scroll","background-type":"","background-media":"","overlay-type":"","overlay-color":"","overlay-opacity":"","overlay-gradient":""},"tablet":{"background-color":"var(--ast-global-color-5)","background-image":"","background-repeat":"repeat","background-position":"center center","background-size":"auto","background-attachment":"scroll","background-type":"","background-media":"","overlay-type":"","overlay-color":"","overlay-opacity":"","overlay-gradient":""},"mobile":{"background-color":"var(--ast-global-color-5)","background-image":"","background-repeat":"repeat","background-position":"center center","background-size":"auto","background-attachment":"scroll","background-type":"","background-media":"","overlay-type":"","overlay-color":"","overlay-opacity":"","overlay-gradient":""}},"footnotes":""},"categories":[17],"tags":[],"class_list":["post-21152","post","type-post","status-publish","format-standard","has-post-thumbnail","hentry","category-mundo"],"_links":{"self":[{"href":"https:\/\/alternativatvstreaming.com.br\/index.php?rest_route=\/wp\/v2\/posts\/21152","targetHints":{"allow":["GET"]}}],"collection":[{"href":"https:\/\/alternativatvstreaming.com.br\/index.php?rest_route=\/wp\/v2\/posts"}],"about":[{"href":"https:\/\/alternativatvstreaming.com.br\/index.php?rest_route=\/wp\/v2\/types\/post"}],"author":[{"embeddable":true,"href":"https:\/\/alternativatvstreaming.com.br\/index.php?rest_route=\/wp\/v2\/users\/36"}],"replies":[{"embeddable":true,"href":"https:\/\/alternativatvstreaming.com.br\/index.php?rest_route=%2Fwp%2Fv2%2Fcomments&post=21152"}],"version-history":[{"count":0,"href":"https:\/\/alternativatvstreaming.com.br\/index.php?rest_route=\/wp\/v2\/posts\/21152\/revisions"}],"wp:featuredmedia":[{"embeddable":true,"href":"https:\/\/alternativatvstreaming.com.br\/index.php?rest_route=\/wp\/v2\/media\/21153"}],"wp:attachment":[{"href":"https:\/\/alternativatvstreaming.com.br\/index.php?rest_route=%2Fwp%2Fv2%2Fmedia&parent=21152"}],"wp:term":[{"taxonomy":"category","embeddable":true,"href":"https:\/\/alternativatvstreaming.com.br\/index.php?rest_route=%2Fwp%2Fv2%2Fcategories&post=21152"},{"taxonomy":"post_tag","embeddable":true,"href":"https:\/\/alternativatvstreaming.com.br\/index.php?rest_route=%2Fwp%2Fv2%2Ftags&post=21152"}],"curies":[{"name":"wp","href":"https:\/\/api.w.org\/{rel}","templated":true}]}}