{"id":21154,"date":"2025-10-30T23:53:40","date_gmt":"2025-10-31T02:53:40","guid":{"rendered":"https:\/\/alternativatvstreaming.com.br\/?p=21154"},"modified":"2025-10-30T23:53:40","modified_gmt":"2025-10-31T02:53:40","slug":"governo-envia-20-peritos-da-pf-para-reforcar-pericia-no-rio","status":"publish","type":"post","link":"https:\/\/alternativatvstreaming.com.br\/?p=21154","title":{"rendered":"Governo envia 20 peritos da PF para refor\u00e7ar per\u00edcia no Rio"},"content":{"rendered":"<\/p>\n<p><a class=\"\" href=\"https:\/\/agenciabrasil.ebc.com.br\/geral\/noticia\/2025-10\/governo-envia-20-peritos-da-pf-para-reforcar-pericia-no-rio\"><br \/>\n                    <img decoding=\"async\" src=\"https:\/\/cdn.jsdelivr.net\/gh\/sergiosdlima\/assets-ebc@1.0.0\/abr\/assets\/images\/logo-agenciabrasil.svg\" alt=\"Logo Ag\u00eancia Brasil\"><br \/>\n\t\t\t\t<\/a><\/p>\n<p><strong>Vinte peritos criminais da Pol\u00edcia Federal v\u00e3o refor\u00e7ar os trabalhos de seguran\u00e7a p\u00fablica no Rio de Janeiro<\/strong>, conforme comunicou, nesta quinta-feira (30), o ministro da Justi\u00e7a, Ricardo Lewandowski ao governador do Rio de Janeiro, Cl\u00e1udio Castro.<img decoding=\"async\" src=\"https:\/\/agenciabrasil.ebc.com.br\/ebc.png?id=1665362&#038;o=rss\"><img decoding=\"async\" src=\"https:\/\/agenciabrasil.ebc.com.br\/ebc.gif?id=1665362&#038;o=rss\"><\/p>\n<p>O ministro informou que o <strong>envio dos peritos \u00e9 o primeiro resultado do escrit\u00f3rio emergencial de combate ao crime organizado<\/strong> no Rio de Janeiro, anunciado, na quarta-feira (29), no Pal\u00e1cio Guanabara. A medida ocorreu depois da Opera\u00e7\u00e3o Conten\u00e7\u00e3o nos complexos do Alem\u00e3o e da Penha, que deixou, ao menos, 121 mortos.<\/p>\n<\/p>\n<h3>Not\u00edcias relacionadas:<\/h3>\n<ul>\n<li><a href=\"https:\/\/agenciabrasil.ebc.com.br\/geral\/noticia\/2025-10\/iml-do-rio-identifica-100-dos-121-mortos-na-operacao-contencao\">IML do Rio identifica 100 dos 121 mortos na Opera\u00e7\u00e3o Conten\u00e7\u00e3o.<\/a><\/li>\n<li><a href=\"https:\/\/agenciabrasil.ebc.com.br\/direitos-humanos\/noticia\/2025-10\/macae-evaristo-promete-pericia-independente-para-operacao-no-rio\">Ministra quer per\u00edcia independente ap\u00f3s reuni\u00e3o com fam\u00edlias no Rio.<\/a><\/li>\n<\/ul>\n<p>Segundo\u00a0o governo federal, os <strong>peritos v\u00e3o trabalhar em an\u00e1lise dos locais de crimes, bal\u00edstica, gen\u00e9tica forense para identifica\u00e7\u00e3o de DNA, medicina legal, exames de bal\u00edstica, necr\u00f3psia e identifica\u00e7\u00e3o de corpos<\/strong>.<\/p>\n<p>Al\u00e9m deles, o governo divulgou que vai mobilizar tamb\u00e9m de 10 a 20 peritos da For\u00e7a Nacional de Seguran\u00e7a P\u00fablica para atuar no estado.<\/p>\n<p>De acordo com Lewandowski, o efetivo de peritos pode ser aumentado de acordo com a necessidade.\u00a0<\/p>\n<blockquote>\n<p>\u201cN\u00f3s tivemos a ideia de criar esse escrit\u00f3rio extraordin\u00e1rio de enfrentamento ao crime organizado para agilizar a comunica\u00e7\u00e3o entre as for\u00e7as federais e estaduais de seguran\u00e7a\u201d, afirmou o ministro.\u00a0<\/p>\n<\/blockquote>\n<p>O escrit\u00f3rio integrado tem a finalidade de, segundo o ministro, ser um f\u00f3rum onde as for\u00e7as v\u00e3o conversar entre si para tomar decis\u00f5es rapidamente at\u00e9 que a crise seja superada.<\/p>\n<p>\u201cEste \u00e9 o embri\u00e3o daquilo que n\u00f3s queremos criar com a PEC da Seguran\u00e7a P\u00fablica que est\u00e1 sendo discutida no Congresso Nacional\u201d.<\/p>\n<p><em>*Com informa\u00e7\u00f5es do Minist\u00e9rio da Justi\u00e7a e da Seguran\u00e7a P\u00fablica<\/em><\/p>\n","protected":false},"excerpt":{"rendered":"<p>Vinte peritos criminais da Pol\u00edcia Federal v\u00e3o refor\u00e7ar os trabalhos de seguran\u00e7a p\u00fablica no Rio de Janeiro, conforme comunicou, nesta quinta-feira (30), o ministro da Justi\u00e7a, Ricardo Lewandowski ao governador do Rio de Janeiro, Cl\u00e1udio Castro. O ministro informou que o envio dos peritos \u00e9 o primeiro resultado do escrit\u00f3rio emergencial de combate ao crime [&hellip;]<\/p>\n","protected":false},"author":33,"featured_media":21155,"comment_status":"open","ping_status":"open","sticky":false,"template":"","format":"standard","meta":{"rop_custom_images_group":[],"rop_custom_messages_group":[],"rop_publish_now":"initial","rop_publish_now_accounts":{"facebook_9070789419679556_1658623117598344":""},"rop_publish_now_history":[],"rop_publish_now_status":"pending","site-sidebar-layout":"default","site-content-layout":"","ast-site-content-layout":"","site-content-style":"default","site-sidebar-style":"default","ast-global-header-display":"","ast-banner-title-visibility":"","ast-main-header-display":"","ast-hfb-above-header-display":"","ast-hfb-below-header-display":"","ast-hfb-mobile-header-display":"","site-post-title":"","ast-breadcrumbs-content":"","ast-featured-img":"","footer-sml-layout":"","theme-transparent-header-meta":"","adv-header-id-meta":"","stick-header-meta":"","header-above-stick-meta":"","header-main-stick-meta":"","header-below-stick-meta":"","astra-migrate-meta-layouts":"default","ast-page-background-enabled":"default","ast-page-background-meta":{"desktop":{"background-color":"var(--ast-global-color-4)","background-image":"","background-repeat":"repeat","background-position":"center center","background-size":"auto","background-attachment":"scroll","background-type":"","background-media":"","overlay-type":"","overlay-color":"","overlay-opacity":"","overlay-gradient":""},"tablet":{"background-color":"","background-image":"","background-repeat":"repeat","background-position":"center center","background-size":"auto","background-attachment":"scroll","background-type":"","background-media":"","overlay-type":"","overlay-color":"","overlay-opacity":"","overlay-gradient":""},"mobile":{"background-color":"","background-image":"","background-repeat":"repeat","background-position":"center center","background-size":"auto","background-attachment":"scroll","background-type":"","background-media":"","overlay-type":"","overlay-color":"","overlay-opacity":"","overlay-gradient":""}},"ast-content-background-meta":{"desktop":{"background-color":"var(--ast-global-color-5)","background-image":"","background-repeat":"repeat","background-position":"center center","background-size":"auto","background-attachment":"scroll","background-type":"","background-media":"","overlay-type":"","overlay-color":"","overlay-opacity":"","overlay-gradient":""},"tablet":{"background-color":"var(--ast-global-color-5)","background-image":"","background-repeat":"repeat","background-position":"center center","background-size":"auto","background-attachment":"scroll","background-type":"","background-media":"","overlay-type":"","overlay-color":"","overlay-opacity":"","overlay-gradient":""},"mobile":{"background-color":"var(--ast-global-color-5)","background-image":"","background-repeat":"repeat","background-position":"center center","background-size":"auto","background-attachment":"scroll","background-type":"","background-media":"","overlay-type":"","overlay-color":"","overlay-opacity":"","overlay-gradient":""}},"footnotes":""},"categories":[4],"tags":[],"class_list":["post-21154","post","type-post","status-publish","format-standard","has-post-thumbnail","hentry","category-brasil"],"_links":{"self":[{"href":"https:\/\/alternativatvstreaming.com.br\/index.php?rest_route=\/wp\/v2\/posts\/21154","targetHints":{"allow":["GET"]}}],"collection":[{"href":"https:\/\/alternativatvstreaming.com.br\/index.php?rest_route=\/wp\/v2\/posts"}],"about":[{"href":"https:\/\/alternativatvstreaming.com.br\/index.php?rest_route=\/wp\/v2\/types\/post"}],"author":[{"embeddable":true,"href":"https:\/\/alternativatvstreaming.com.br\/index.php?rest_route=\/wp\/v2\/users\/33"}],"replies":[{"embeddable":true,"href":"https:\/\/alternativatvstreaming.com.br\/index.php?rest_route=%2Fwp%2Fv2%2Fcomments&post=21154"}],"version-history":[{"count":0,"href":"https:\/\/alternativatvstreaming.com.br\/index.php?rest_route=\/wp\/v2\/posts\/21154\/revisions"}],"wp:featuredmedia":[{"embeddable":true,"href":"https:\/\/alternativatvstreaming.com.br\/index.php?rest_route=\/wp\/v2\/media\/21155"}],"wp:attachment":[{"href":"https:\/\/alternativatvstreaming.com.br\/index.php?rest_route=%2Fwp%2Fv2%2Fmedia&parent=21154"}],"wp:term":[{"taxonomy":"category","embeddable":true,"href":"https:\/\/alternativatvstreaming.com.br\/index.php?rest_route=%2Fwp%2Fv2%2Fcategories&post=21154"},{"taxonomy":"post_tag","embeddable":true,"href":"https:\/\/alternativatvstreaming.com.br\/index.php?rest_route=%2Fwp%2Fv2%2Ftags&post=21154"}],"curies":[{"name":"wp","href":"https:\/\/api.w.org\/{rel}","templated":true}]}}