{"id":21420,"date":"2025-11-04T21:52:59","date_gmt":"2025-11-05T00:52:59","guid":{"rendered":"https:\/\/alternativatvstreaming.com.br\/?p=21420"},"modified":"2025-11-04T21:52:59","modified_gmt":"2025-11-05T00:52:59","slug":"cupula-de-lideres-da-cop30-tera-restricao-de-voos-cacas-e-anti-drones","status":"publish","type":"post","link":"https:\/\/alternativatvstreaming.com.br\/?p=21420","title":{"rendered":"C\u00fapula de l\u00edderes da COP30 ter\u00e1 restri\u00e7\u00e3o de voos, ca\u00e7as e anti-drones"},"content":{"rendered":"<\/p>\n<p><a class=\"\" href=\"https:\/\/agenciabrasil.ebc.com.br\/politica\/noticia\/2025-11\/cupula-de-lideres-da-cop30-tera-restricao-de-voos-cacas-e-anti-drones\"><br \/>\n                    <img decoding=\"async\" src=\"https:\/\/cdn.jsdelivr.net\/gh\/sergiosdlima\/assets-ebc@1.0.0\/abr\/assets\/images\/logo-agenciabrasil.svg\" alt=\"Logo Ag\u00eancia Brasil\"><br \/>\n\t\t\t\t<\/a><\/p>\n<p><strong>A For\u00e7a A\u00e9rea Brasileira (FAB)\u00a0vai utilizar aeronaves de ca\u00e7a e m\u00edsseis para garantir a seguran\u00e7a e a soberania do espa\u00e7o a\u00e9reo durante a C\u00fapula dos L\u00edderes que ser\u00e1 realizada nos dias 6 e 7 de novembro, em Bel\u00e9m (PA). <\/strong>O evento ocorre no \u00e2mbito da 30\u00aa <a href=\"https:\/\/agenciabrasil.ebc.com.br\/meio-ambiente\/noticia\/2025-11\/cop30-o-que-e-quando-acontece-e-o-que-sera-discutido-em-belem\">Confer\u00eancia das Na\u00e7\u00f5es Unidas sobre Mudan\u00e7as Clim\u00e1ticas (COP30)<\/a>. <strong>Tamb\u00e9m ser\u00e3o adotadas \u00e1reas de exclus\u00e3o, com circula\u00e7\u00e3o restrita de aeronaves.\u00a0<\/strong><img decoding=\"async\" src=\"https:\/\/agenciabrasil.ebc.com.br\/ebc.png?id=1666101&#038;o=rss\"><img decoding=\"async\" src=\"https:\/\/agenciabrasil.ebc.com.br\/ebc.gif?id=1666101&#038;o=rss\"><\/p>\n<p><strong>Segundo o Comando de Opera\u00e7\u00f5es Aeroespaciais (Comae), a For\u00e7a A\u00e9rea atuar\u00e1 com as aeronaves de ca\u00e7a F-5M, com m\u00edsseis Python 4, e A-29 Super Tucano. <\/strong>O avi\u00e3o modelo E-99 ser\u00e1 usado para vigil\u00e2ncia do espa\u00e7o a\u00e9reo e o helic\u00f3ptero H-60L Black Hawk para miss\u00f5es de busca e salvamento e transporte de equipes para realiza\u00e7\u00e3o das medidas de controle de solo.\u00a0<\/p>\n<\/p>\n<h3>Not\u00edcias relacionadas:<\/h3>\n<ul>\n<li><a href=\"https:\/\/agenciabrasil.ebc.com.br\/internacional\/noticia\/2025-09\/fab-intercepta-aeronave-suspeita-procedente-do-peru\">FAB intercepta aeronave suspeita procedente do Peru.<\/a><\/li>\n<li><a href=\"https:\/\/agenciabrasil.ebc.com.br\/meio-ambiente\/noticia\/2025-11\/cop30-o-que-e-quando-acontece-e-o-que-sera-discutido-em-belem\">COP30: o que \u00e9, quando acontece e o que ser\u00e1 discutido em Bel\u00e9m .<\/a><\/li>\n<\/ul>\n<p>Tamb\u00e9m ser\u00e1 usada a aeronave KC-390 Millennium para realizar reabastecimento em voo das aeronaves de ca\u00e7a F-5M.\u00a0<\/p>\n<p>\u201cPara n\u00f3s, ser\u00e1 um tanque de combust\u00edvel no ar, fazendo com que o F-5 possa voar o tempo todo\u201d, disse nesta ter\u00e7a-feira (4) o comandante de Opera\u00e7\u00f5es Aeroespaciais, Tenente-Brigadeiro do Ar Alcides Teixeira Barbacovi.<\/p>\n<p><strong>Ele tamb\u00e9m destaca o uso dos equipamentos anti-drones durante o evento, visto o aumento exponencial de voos de drones pr\u00f3ximo ao aeroporto de Bel\u00e9m<\/strong><\/p>\n<blockquote>\n<p>\u201cPrecisamos que a seguran\u00e7a da navega\u00e7\u00e3o a\u00e9rea seja refor\u00e7ada\u201d, detalhou o Comandante do Comae.<\/p>\n<\/blockquote>\n<p><a href=\"https:\/\/www.whatsapp.com\/channel\/0029VaoRTgrInlqYLSk59B2M\" target=\"_blank\">>> Siga o canal da <strong>Ag\u00eancia Brasil <\/strong>no WhatsApp<\/a><\/p>\n<h2>\u00c1reas de Exclus\u00e3o<\/h2>\n<p><strong>O espa\u00e7o a\u00e9reo ter\u00e1 restri\u00e7\u00f5es na regi\u00e3o do evento. A autoriza\u00e7\u00e3o das aeronaves dever\u00e1 submeter-se ao Comae, respons\u00e1vel pela defesa aeroespacial do pa\u00eds.<\/strong><\/p>\n<p>As \u00e1reas definidas ter\u00e3o como ponto de refer\u00eancia o Hangar Centro de Conven\u00e7\u00f5es da Amaz\u00f4nia, e s\u00e3o divididas em categorias:\u00a0<\/p>\n<ul>\n<li>Branca (reservada), que atingir\u00e1 um raio de 148 km;\u00a0<\/li>\n<li>Amarela (restrita), com raio de 111 km;\u00a0<\/li>\n<li>Vermelha (proibida), com raio de 8 km;\u00a0<\/li>\n<li>\u00c1rea de supress\u00e3o, com raio de 2 km a partir do Hangar.<\/li>\n<\/ul>\n<p>Na \u00e1rea branca, os avi\u00f5es dever\u00e3o ser previamente autorizados. J\u00e1 nas \u00e1reas amarela e vermelha, \u00e9 necess\u00e1rio submeter previamente ao Comae\u00a0um processo de autoriza\u00e7\u00e3o de voo.<\/p>\n<p>Na \u00e1rea de supress\u00e3o, a um raio de 2 km, do Hangar Centro de Conven\u00e7\u00f5es, poder\u00e3o ingressar apenas aeronaves cumprindo miss\u00f5es de apoio \u00e0 vida humana mediante estrita autoriza\u00e7\u00e3o da Autoridade de Defesa Aeroespacial.\u00a0<\/p>\n<p>A ativa\u00e7\u00e3o das \u00e1reas ocorrer\u00e1 1 hora antes do in\u00edcio dos eventos da c\u00fapula, at\u00e9 1 hora ap\u00f3s o final desses eventos, ou mediante ordem.<\/p>\n<h2>Procedimentos de seguran\u00e7a\u00a0<\/h2>\n<p>Caso as regras sejam descumpridas, a FAB ativar\u00e1 o processo de medidas previsto pelo <a href=\"https:\/\/www.in.gov.br\/en\/web\/dou\/-\/decreto-n-12.699-de-29-de-outubro-de-2025-665589419\">Decreto N\u00ba 12.699, de 29 de outubro de 2025<\/a>, que estabelece os procedimentos em rela\u00e7\u00e3o \u00e0s aeronaves que possam apresentar amea\u00e7a \u00e0 seguran\u00e7a do local do evento.\u00a0<\/p>\n<p>Segundo o decreto, ser\u00e1 classificada como aeronave suspeita aquela que voar sem plano de voo aprovado, omitir informa\u00e7\u00f5es necess\u00e1rias \u00e0 sua identifica\u00e7\u00e3o, n\u00e3o exibir marcas de nacionalidade, matr\u00edcula, bandeira ou ins\u00edgnia ou adentrar sem autoriza\u00e7\u00e3o na \u00e1rea reservada ou na \u00e1rea restrita relacionadas \u00e0 C\u00fapula de L\u00edderes da COP30.\u00a0<\/p>\n<p><strong>Segundo o decreto, as aeronaves consideradas como hostis estar\u00e3o sujeitas a\u00a0medidas de destrui\u00e7\u00e3o.\u00a0<\/strong><\/p>\n","protected":false},"excerpt":{"rendered":"<p>A For\u00e7a A\u00e9rea Brasileira (FAB)\u00a0vai utilizar aeronaves de ca\u00e7a e m\u00edsseis para garantir a seguran\u00e7a e a soberania do espa\u00e7o a\u00e9reo durante a C\u00fapula dos L\u00edderes que ser\u00e1 realizada nos dias 6 e 7 de novembro, em Bel\u00e9m (PA). O evento ocorre no \u00e2mbito da 30\u00aa Confer\u00eancia das Na\u00e7\u00f5es Unidas sobre Mudan\u00e7as Clim\u00e1ticas (COP30). Tamb\u00e9m [&hellip;]<\/p>\n","protected":false},"author":4,"featured_media":21421,"comment_status":"open","ping_status":"open","sticky":false,"template":"","format":"standard","meta":{"rop_custom_images_group":[],"rop_custom_messages_group":[],"rop_publish_now":"initial","rop_publish_now_accounts":{"facebook_9070789419679556_1658623117598344":""},"rop_publish_now_history":[],"rop_publish_now_status":"pending","site-sidebar-layout":"default","site-content-layout":"","ast-site-content-layout":"","site-content-style":"default","site-sidebar-style":"default","ast-global-header-display":"","ast-banner-title-visibility":"","ast-main-header-display":"","ast-hfb-above-header-display":"","ast-hfb-below-header-display":"","ast-hfb-mobile-header-display":"","site-post-title":"","ast-breadcrumbs-content":"","ast-featured-img":"","footer-sml-layout":"","theme-transparent-header-meta":"","adv-header-id-meta":"","stick-header-meta":"","header-above-stick-meta":"","header-main-stick-meta":"","header-below-stick-meta":"","astra-migrate-meta-layouts":"default","ast-page-background-enabled":"default","ast-page-background-meta":{"desktop":{"background-color":"var(--ast-global-color-4)","background-image":"","background-repeat":"repeat","background-position":"center center","background-size":"auto","background-attachment":"scroll","background-type":"","background-media":"","overlay-type":"","overlay-color":"","overlay-opacity":"","overlay-gradient":""},"tablet":{"background-color":"","background-image":"","background-repeat":"repeat","background-position":"center center","background-size":"auto","background-attachment":"scroll","background-type":"","background-media":"","overlay-type":"","overlay-color":"","overlay-opacity":"","overlay-gradient":""},"mobile":{"background-color":"","background-image":"","background-repeat":"repeat","background-position":"center center","background-size":"auto","background-attachment":"scroll","background-type":"","background-media":"","overlay-type":"","overlay-color":"","overlay-opacity":"","overlay-gradient":""}},"ast-content-background-meta":{"desktop":{"background-color":"var(--ast-global-color-5)","background-image":"","background-repeat":"repeat","background-position":"center center","background-size":"auto","background-attachment":"scroll","background-type":"","background-media":"","overlay-type":"","overlay-color":"","overlay-opacity":"","overlay-gradient":""},"tablet":{"background-color":"var(--ast-global-color-5)","background-image":"","background-repeat":"repeat","background-position":"center center","background-size":"auto","background-attachment":"scroll","background-type":"","background-media":"","overlay-type":"","overlay-color":"","overlay-opacity":"","overlay-gradient":""},"mobile":{"background-color":"var(--ast-global-color-5)","background-image":"","background-repeat":"repeat","background-position":"center center","background-size":"auto","background-attachment":"scroll","background-type":"","background-media":"","overlay-type":"","overlay-color":"","overlay-opacity":"","overlay-gradient":""}},"footnotes":""},"categories":[17],"tags":[],"class_list":["post-21420","post","type-post","status-publish","format-standard","has-post-thumbnail","hentry","category-mundo"],"_links":{"self":[{"href":"https:\/\/alternativatvstreaming.com.br\/index.php?rest_route=\/wp\/v2\/posts\/21420","targetHints":{"allow":["GET"]}}],"collection":[{"href":"https:\/\/alternativatvstreaming.com.br\/index.php?rest_route=\/wp\/v2\/posts"}],"about":[{"href":"https:\/\/alternativatvstreaming.com.br\/index.php?rest_route=\/wp\/v2\/types\/post"}],"author":[{"embeddable":true,"href":"https:\/\/alternativatvstreaming.com.br\/index.php?rest_route=\/wp\/v2\/users\/4"}],"replies":[{"embeddable":true,"href":"https:\/\/alternativatvstreaming.com.br\/index.php?rest_route=%2Fwp%2Fv2%2Fcomments&post=21420"}],"version-history":[{"count":0,"href":"https:\/\/alternativatvstreaming.com.br\/index.php?rest_route=\/wp\/v2\/posts\/21420\/revisions"}],"wp:featuredmedia":[{"embeddable":true,"href":"https:\/\/alternativatvstreaming.com.br\/index.php?rest_route=\/wp\/v2\/media\/21421"}],"wp:attachment":[{"href":"https:\/\/alternativatvstreaming.com.br\/index.php?rest_route=%2Fwp%2Fv2%2Fmedia&parent=21420"}],"wp:term":[{"taxonomy":"category","embeddable":true,"href":"https:\/\/alternativatvstreaming.com.br\/index.php?rest_route=%2Fwp%2Fv2%2Fcategories&post=21420"},{"taxonomy":"post_tag","embeddable":true,"href":"https:\/\/alternativatvstreaming.com.br\/index.php?rest_route=%2Fwp%2Fv2%2Ftags&post=21420"}],"curies":[{"name":"wp","href":"https:\/\/api.w.org\/{rel}","templated":true}]}}