{"id":30181,"date":"2026-04-24T23:35:53","date_gmt":"2026-04-25T02:35:53","guid":{"rendered":"https:\/\/alternativatvstreaming.com.br\/?p=30181"},"modified":"2026-04-24T23:36:01","modified_gmt":"2026-04-25T02:36:01","slug":"ordem-do-dia-camara-pauta-quatro-projetos-para-proxima-sessao-ordinaria","status":"publish","type":"post","link":"https:\/\/alternativatvstreaming.com.br\/?p=30181","title":{"rendered":"Ordem do Dia: C\u00e2mara pauta quatro projetos para pr\u00f3xima sess\u00e3o ordin\u00e1ria"},"content":{"rendered":"\n<p>Trabalhos s\u00e3o transmitidos ao vivo nos canais de comunica\u00e7\u00e3o do Legislativo<\/p>\n\n\n\n<p>Quatro projetos est\u00e3o pautados na&nbsp;<a href=\"https:\/\/consulta.limeira.sp.leg.br\/Sessoes\/Documento\/422179\">Ordem do Dia<\/a>&nbsp;da pr\u00f3xima sess\u00e3o ordin\u00e1ria, que acontece na segunda-feira, 27 de abril. Entre as proposituras, duas s\u00e3o de autoria da Prefeitura e as demais dos vereadores. Al\u00e9m disso, os parlamentares tamb\u00e9m discutem requerimentos durante o Expediente. Os trabalhos s\u00e3o transmitidos ao vivo pelos canais de comunica\u00e7\u00e3o do Legislativo no&nbsp;<a href=\"https:\/\/www.youtube.com\/user\/camaradelimeira\">Youtube<\/a>,&nbsp;<a href=\"https:\/\/www.facebook.com\/camaradelimeira\/\">Facebook<\/a>&nbsp;e&nbsp;<a href=\"https:\/\/www.limeira.sp.leg.br\/sessoes\/aovivo\">site<\/a>, e pela r\u00e1dio Limeira FM 106,9, a partir das 17h.&nbsp;<\/p>\n\n\n\n<p>Os mun\u00edcipes podem conferir as sess\u00f5es de forma presencial. Temporariamente a C\u00e2mara est\u00e1 localizada na rua Clarino Peixoto, 280 &#8211; Jardim Maria Buchi Modeneis, devido \u00e0s obras de reforma e amplia\u00e7\u00e3o da sede. Para entrar no pr\u00e9dio basta se identificar na portaria e seguir at\u00e9 o \u00faltimo bloco.&nbsp; As orienta\u00e7\u00f5es para chegar ao novo endere\u00e7o est\u00e3o neste<a href=\"https:\/\/www.limeira.sp.leg.br\/noticias\/view\/2025-01-30_camara-de-limeira-funciona-em-novo-endereco-devido-obras-de-ampliacao-e-reforma\">&nbsp;link<\/a>.&nbsp;&nbsp;&nbsp;<\/p>\n\n\n\n<p>Confira os projetos que est\u00e3o pautados na&nbsp;<a href=\"https:\/\/consulta.limeira.sp.leg.br\/Sessoes\/Documento\/422179\">Ordem do Dia<\/a>:&nbsp;&nbsp;<\/p>\n\n\n\n<p><a href=\"https:\/\/consulta.limeira.sp.leg.br\/Documentos\/Documento\/407443\">Projeto de Decreto Legislativo N\u00ba 49\/2025<\/a>, do vereador Carlinhos do Grotta (PL), concede o Diploma de Gratid\u00e3o da Cidade de Limeira e a Medalha de M\u00e9rito C\u00edvico XV de setembro \u201cOrdem Tatuiby\u201d \u00e0 NF-Etiquetas, pelos relevantes servi\u00e7os prestados \u00e0 cidade de Limeira por meio de suas apresenta\u00e7\u00f5es culturais.&nbsp;<\/p>\n\n\n\n<p><a href=\"https:\/\/consulta.limeira.sp.leg.br\/Documentos\/Documento\/420933\">Projeto de Lei N\u00ba 45\/2026<\/a>, da Prefeitura, disp\u00f5e sobre o Programa de Seguran\u00e7a Cidad\u00e3 e institui os Polos de A\u00e7\u00f5es Integradas em Seguran\u00e7a &#8211; PAIS.&nbsp; &nbsp;<\/p>\n\n\n\n<p><a href=\"https:\/\/consulta.limeira.sp.leg.br\/Documentos\/Documento\/421531\">Projeto de Lei Complementar N\u00ba 10\/2026<\/a>, da Prefeitura, altera dispositivos da&nbsp;<a href=\"https:\/\/legislacao.limeira.sp.leg.br\/Limeira-SP\/LeisComplementares\/972-2025\">Lei Complementar N\u00ba 972\/2025<\/a>, que disp\u00f5e sobre a Estrutura administrativa do Poder Executivo, cria os cargos em comiss\u00e3o e suas fun\u00e7\u00f5es gratificadas necess\u00e1rios e d\u00e1 nova organiza\u00e7\u00e3o.&nbsp;<\/p>\n\n\n\n<p><a href=\"https:\/\/consulta.limeira.sp.leg.br\/Documentos\/Documento\/421837\">Projeto de Resolu\u00e7\u00e3o N\u00ba 10\/2026<\/a>, da Mesa Diretora 2025\/2026, altera a reda\u00e7\u00e3o do caput e acrescenta o \u00a7 4\u00ba ao art. 5\u00ba e modifica a reda\u00e7\u00e3o do art. 11 da&nbsp;<a href=\"https:\/\/legislacao.limeira.sp.leg.br\/Limeira-SP\/LeisComplementares\/592-2011\">Resolu\u00e7\u00e3o N\u00ba 592\/2014<\/a>, que disp\u00f5e sobre as viagens para o atendimento dos interesses da C\u00e2mara.&nbsp;&nbsp;<\/p>\n","protected":false},"excerpt":{"rendered":"<p>Trabalhos s\u00e3o transmitidos ao vivo nos canais de comunica\u00e7\u00e3o do Legislativo Quatro projetos est\u00e3o pautados na&nbsp;Ordem do Dia&nbsp;da pr\u00f3xima sess\u00e3o ordin\u00e1ria, que acontece na segunda-feira, 27 de abril. Entre as proposituras, duas s\u00e3o de autoria da Prefeitura e as demais dos vereadores. Al\u00e9m disso, os parlamentares tamb\u00e9m discutem requerimentos durante o Expediente. Os trabalhos s\u00e3o [&hellip;]<\/p>\n","protected":false},"author":1,"featured_media":30182,"comment_status":"open","ping_status":"closed","sticky":false,"template":"","format":"standard","meta":{"rop_custom_images_group":[],"rop_custom_messages_group":[],"rop_publish_now":"no","rop_publish_now_accounts":{"facebook_9070789419679556_1658623117598344":""},"rop_publish_now_history":[{"account":"facebook_9070789419679556_1658623117598344","service":"facebook","timestamp":1777084686,"status":"success"}],"rop_publish_now_status":"done","site-sidebar-layout":"default","site-content-layout":"","ast-site-content-layout":"default","site-content-style":"default","site-sidebar-style":"default","ast-global-header-display":"","ast-banner-title-visibility":"","ast-main-header-display":"","ast-hfb-above-header-display":"","ast-hfb-below-header-display":"","ast-hfb-mobile-header-display":"","site-post-title":"","ast-breadcrumbs-content":"","ast-featured-img":"","footer-sml-layout":"","theme-transparent-header-meta":"","adv-header-id-meta":"","stick-header-meta":"","header-above-stick-meta":"","header-main-stick-meta":"","header-below-stick-meta":"","astra-migrate-meta-layouts":"set","ast-page-background-enabled":"default","ast-page-background-meta":{"desktop":{"background-color":"var(--ast-global-color-4)","background-image":"","background-repeat":"repeat","background-position":"center center","background-size":"auto","background-attachment":"scroll","background-type":"","background-media":"","overlay-type":"","overlay-color":"","overlay-opacity":"","overlay-gradient":""},"tablet":{"background-color":"","background-image":"","background-repeat":"repeat","background-position":"center center","background-size":"auto","background-attachment":"scroll","background-type":"","background-media":"","overlay-type":"","overlay-color":"","overlay-opacity":"","overlay-gradient":""},"mobile":{"background-color":"","background-image":"","background-repeat":"repeat","background-position":"center center","background-size":"auto","background-attachment":"scroll","background-type":"","background-media":"","overlay-type":"","overlay-color":"","overlay-opacity":"","overlay-gradient":""}},"ast-content-background-meta":{"desktop":{"background-color":"var(--ast-global-color-5)","background-image":"","background-repeat":"repeat","background-position":"center center","background-size":"auto","background-attachment":"scroll","background-type":"","background-media":"","overlay-type":"","overlay-color":"","overlay-opacity":"","overlay-gradient":""},"tablet":{"background-color":"var(--ast-global-color-5)","background-image":"","background-repeat":"repeat","background-position":"center center","background-size":"auto","background-attachment":"scroll","background-type":"","background-media":"","overlay-type":"","overlay-color":"","overlay-opacity":"","overlay-gradient":""},"mobile":{"background-color":"var(--ast-global-color-5)","background-image":"","background-repeat":"repeat","background-position":"center center","background-size":"auto","background-attachment":"scroll","background-type":"","background-media":"","overlay-type":"","overlay-color":"","overlay-opacity":"","overlay-gradient":""}},"footnotes":""},"categories":[84,165],"tags":[125],"class_list":["post-30181","post","type-post","status-publish","format-standard","has-post-thumbnail","hentry","category-politica","category-politica-2","tag-limeira"],"_links":{"self":[{"href":"https:\/\/alternativatvstreaming.com.br\/index.php?rest_route=\/wp\/v2\/posts\/30181","targetHints":{"allow":["GET"]}}],"collection":[{"href":"https:\/\/alternativatvstreaming.com.br\/index.php?rest_route=\/wp\/v2\/posts"}],"about":[{"href":"https:\/\/alternativatvstreaming.com.br\/index.php?rest_route=\/wp\/v2\/types\/post"}],"author":[{"embeddable":true,"href":"https:\/\/alternativatvstreaming.com.br\/index.php?rest_route=\/wp\/v2\/users\/1"}],"replies":[{"embeddable":true,"href":"https:\/\/alternativatvstreaming.com.br\/index.php?rest_route=%2Fwp%2Fv2%2Fcomments&post=30181"}],"version-history":[{"count":1,"href":"https:\/\/alternativatvstreaming.com.br\/index.php?rest_route=\/wp\/v2\/posts\/30181\/revisions"}],"predecessor-version":[{"id":30183,"href":"https:\/\/alternativatvstreaming.com.br\/index.php?rest_route=\/wp\/v2\/posts\/30181\/revisions\/30183"}],"wp:featuredmedia":[{"embeddable":true,"href":"https:\/\/alternativatvstreaming.com.br\/index.php?rest_route=\/wp\/v2\/media\/30182"}],"wp:attachment":[{"href":"https:\/\/alternativatvstreaming.com.br\/index.php?rest_route=%2Fwp%2Fv2%2Fmedia&parent=30181"}],"wp:term":[{"taxonomy":"category","embeddable":true,"href":"https:\/\/alternativatvstreaming.com.br\/index.php?rest_route=%2Fwp%2Fv2%2Fcategories&post=30181"},{"taxonomy":"post_tag","embeddable":true,"href":"https:\/\/alternativatvstreaming.com.br\/index.php?rest_route=%2Fwp%2Fv2%2Ftags&post=30181"}],"curies":[{"name":"wp","href":"https:\/\/api.w.org\/{rel}","templated":true}]}}