{"id":30395,"date":"2026-04-29T00:52:15","date_gmt":"2026-04-29T03:52:15","guid":{"rendered":"https:\/\/alternativatvstreaming.com.br\/?p=30395"},"modified":"2026-04-29T00:52:15","modified_gmt":"2026-04-29T03:52:15","slug":"lula-assina-decreto-que-promulga-acordo-ue-mercosul","status":"publish","type":"post","link":"https:\/\/alternativatvstreaming.com.br\/?p=30395","title":{"rendered":"Lula assina decreto que promulga acordo UE-Mercosul"},"content":{"rendered":"<\/p>\n<p><a class=\"\" href=\"https:\/\/agenciabrasil.ebc.com.br\/economia\/noticia\/2026-04\/lula-assina-decreto-que-promulga-acordo-ue-mercosul\"><br \/>\n                    <img decoding=\"async\" src=\"https:\/\/cdn.jsdelivr.net\/gh\/sergiosdlima\/assets-ebc@1.0.0\/abr\/assets\/images\/logo-agenciabrasil.svg\" alt=\"Logo Ag\u00eancia Brasil\"><br \/>\n\t\t\t\t<\/a><\/p>\n<p>O presidente Luiz In\u00e1cio Lula da Silva assinou nesta ter\u00e7a-feira (28), em cerim\u00f4nia no Pal\u00e1cio do Planalto, o decreto que oficializa a validade do acordo comercial entre Mercosul e Uni\u00e3o Europeia (UE), que entra em vigor a partir do dia 1\u00ba de maio.\u00a0<img decoding=\"async\" src=\"https:\/\/agenciabrasil.ebc.com.br\/ebc.png?id=1687549&#038;o=rss\"><img decoding=\"async\" src=\"https:\/\/agenciabrasil.ebc.com.br\/ebc.gif?id=1687549&#038;o=rss\"><\/p>\n<p><strong>Com o tratado, o bloco sul-americano, composto por Argentina, Brasil, Paraguai e Uruguai, vai zerar tarifas sobre 91% dos bens europeus em at\u00e9 15 anos. J\u00e1 a UE eliminar\u00e1 tarifas sobre 95% dos bens vendidos pelo Mercosul em at\u00e9 12 anos.<\/strong><\/p>\n<\/p>\n<h3>Not\u00edcias relacionadas:<\/h3>\n<ul>\n<li><a href=\"https:\/\/agenciabrasil.ebc.com.br\/economia\/noticia\/2026-03\/congresso-nacional-promulga-acordo-mercosul-uniao-europeia\">Congresso Nacional promulga acordo Mercosul-Uni\u00e3o Europeia.<\/a><\/li>\n<li><a href=\"https:\/\/agenciabrasil.ebc.com.br\/politica\/noticia\/2026-04\/lula-qualidade-do-agro-e-essencial-para-ampliar-exportacoes\">Lula: qualidade do agro \u00e9 essencial para ampliar exporta\u00e7\u00f5es.<\/a><\/li>\n<li><a href=\"https:\/\/agenciabrasil.ebc.com.br\/internacional\/noticia\/2026-04\/lula-defende-que-empresas-brasileiras-atuem-em-portugal\">Lula defende que empresas brasileiras atuem em Portugal.<\/a><\/li>\n<\/ul>\n<p>Os <a href=\"https:\/\/agenciabrasil.ebc.com.br\/internacional\/noticia\/2026-01\/lideres-assinam-acordo-mercosul-uniao-europeia\" target=\"_blank\">termos do acordo foram assinados no fim de janeiro<\/a>, em Assun\u00e7\u00e3o, no Paraguai, entre representantes dos dois blocos, ap\u00f3s 26 anos de negocia\u00e7\u00f5es.\u00a0<\/p>\n<p><strong>O pacto cria uma zona de livre com\u00e9rcio envolvendo 31 pa\u00edses<\/strong>, sendo 27 da UE e quatro do Mercosul, com uma popula\u00e7\u00e3o conjunta de 720 milh\u00f5es de habitantes e cerca de US$ 22 trilh\u00f5es em Produto Interno Bruto (PIB, soma de bens e servi\u00e7os produzidos).<\/p>\n<blockquote>\n<p>&#8220;A resposta que a Uni\u00e3o Europeia e o Brasil deram ao mundo \u00e9 que n\u00e3o existe nada melhor do que a gente acreditar no exerc\u00edcio da democracia, no multilateralismo e na rela\u00e7\u00e3o cordial entre as na\u00e7\u00f5es. \u00c9 este exemplo que n\u00f3s damos com esse acordo aqui&#8221;, afirmou Lula ao assinar o decreto.\u00a0<\/p>\n<\/blockquote>\n<p>Na mesma linha, o ministro das Rela\u00e7\u00f5es Exteriores, Mauro Vieira, destacou o significado pol\u00edtico do acordo.<\/p>\n<p>&#8220;Em um mundo conturbado, com forte instabilidade geopol\u00edtica e prolifera\u00e7\u00e3o de medidas unilaterais, inclusive na \u00e1rea comercial, o acordo emite claro sinal de que os dois blocos acreditam na integra\u00e7\u00e3o econ\u00f4mica, no com\u00e9rcio como promotor do desenvolvimento e na plena compatibilidade da integra\u00e7\u00e3o comercial com regimes multilaterais nas \u00e1reas ambiental, trabalhista e social&#8221;, afirmou.<\/p>\n<p>Ap\u00f3s as longas negocia\u00e7\u00f5es entre representantes diplom\u00e1ticos, a ratifica\u00e7\u00e3o do <a href=\"https:\/\/agenciabrasil.ebc.com.br\/economia\/noticia\/2026-03\/senado-aprova-acordo-entre-mercosul-e-uniao-europeia\" target=\"_blank\">acordo foi conclu\u00edda pelo Congresso Nacional<\/a> no in\u00edcio de mar\u00e7o, sendo <a href=\"https:\/\/agenciabrasil.ebc.com.br\/economia\/noticia\/2026-03\/congresso-nacional-promulga-acordo-mercosul-uniao-europeia\" target=\"_blank\">promulgada dias depois<\/a>.\u00a0<\/p>\n<p><strong>Foi a \u00faltima etapa para que o acordo, pelo lado brasileiro, entrasse em vigor por meio do decreto presidencial agora assinado por Lula.<\/strong>\u00a0<\/p>\n<p>Os parlamentos de Argentina, Uruguai e Paraguai, demais s\u00f3cios do Mercosul, tamb\u00e9m j\u00e1 ratificaram o acordo.<\/p>\n<p>Do lado da Uni\u00e3o Europeia, o Parlamento Europeu pediu, em janeiro, que o Tribunal de Justi\u00e7a do bloco fa\u00e7a uma avalia\u00e7\u00e3o jur\u00eddica sobre o acordo, mas a presidente da Comiss\u00e3o Europeia, <a href=\"https:\/\/agenciabrasil.ebc.com.br\/internacional\/noticia\/2026-02\/uniao-europeia-acelera-acordo-comercial-com-o-mercosul-diz-comissao\" target=\"_blank\">Usrula von der Leyen, garantiu que o bloco aplicar\u00e1 o tratado<\/a> de forma provis\u00f3ria a partir de maio, mesmo com a pend\u00eancia de an\u00e1lise judicial.<\/p>\n<h2>Outros acordos<\/h2>\n<p><strong>Na mesma cerim\u00f4nia em que validou o acordo Mercosul-UE, o presidente Lula tamb\u00e9m enviou outros dois acordos comerciais para serem analisados pelo Congresso Nacional.<\/strong> Um deles \u00e9 o <a href=\"https:\/\/agenciabrasil.ebc.com.br\/internacional\/noticia\/2023-12\/mercosul-e-singapura-assinam-acordo-de-livre-comercio\" target=\"_blank\">acordo Mercosul-Singapura<\/a>, anunciado em 2023. O pa\u00eds asi\u00e1tico \u00e9 um dos principais destinos das exporta\u00e7\u00f5es sul-americanas.<\/p>\n<p>O outro acordo envolve o Mercosul e a Associa\u00e7\u00e3o Europeia de Livre Com\u00e9rcio (EFTA), integrada por Su\u00ed\u00e7a, Noruega, Isl\u00e2ndia e Liechtenstein.\u00a0<\/p>\n<p><strong>A parceria multilateral vai criar um mercado de 290 milh\u00f5es de consumidores em economias que somam PIB de US$ 4,39 trilh\u00f5es, o equivalente a mais de R$ 23 trilh\u00f5es em 2024.<\/strong>\u00a0<\/p>\n<p>A negocia\u00e7\u00e3o teve in\u00edcio em 2017 e, depois de 14 rodadas, os termos finais foram acertados em junho de 2025.<\/p>\n<p>Nos dois casos, os legislativos dos pa\u00edses do Mercosul precisam aprovar os tratados, para que entrem formalmente em vigor.<\/p>\n","protected":false},"excerpt":{"rendered":"<p>O presidente Luiz In\u00e1cio Lula da Silva assinou nesta ter\u00e7a-feira (28), em cerim\u00f4nia no Pal\u00e1cio do Planalto, o decreto que oficializa a validade do acordo comercial entre Mercosul e Uni\u00e3o Europeia (UE), que entra em vigor a partir do dia 1\u00ba de maio.\u00a0 Com o tratado, o bloco sul-americano, composto por Argentina, Brasil, Paraguai e [&hellip;]<\/p>\n","protected":false},"author":17,"featured_media":30396,"comment_status":"open","ping_status":"open","sticky":false,"template":"","format":"standard","meta":{"rop_custom_images_group":[],"rop_custom_messages_group":[],"rop_publish_now":"initial","rop_publish_now_accounts":{"facebook_9070789419679556_1658623117598344":""},"rop_publish_now_history":[],"rop_publish_now_status":"pending","site-sidebar-layout":"default","site-content-layout":"","ast-site-content-layout":"","site-content-style":"default","site-sidebar-style":"default","ast-global-header-display":"","ast-banner-title-visibility":"","ast-main-header-display":"","ast-hfb-above-header-display":"","ast-hfb-below-header-display":"","ast-hfb-mobile-header-display":"","site-post-title":"","ast-breadcrumbs-content":"","ast-featured-img":"","footer-sml-layout":"","theme-transparent-header-meta":"","adv-header-id-meta":"","stick-header-meta":"","header-above-stick-meta":"","header-main-stick-meta":"","header-below-stick-meta":"","astra-migrate-meta-layouts":"default","ast-page-background-enabled":"default","ast-page-background-meta":{"desktop":{"background-color":"var(--ast-global-color-4)","background-image":"","background-repeat":"repeat","background-position":"center center","background-size":"auto","background-attachment":"scroll","background-type":"","background-media":"","overlay-type":"","overlay-color":"","overlay-opacity":"","overlay-gradient":""},"tablet":{"background-color":"","background-image":"","background-repeat":"repeat","background-position":"center center","background-size":"auto","background-attachment":"scroll","background-type":"","background-media":"","overlay-type":"","overlay-color":"","overlay-opacity":"","overlay-gradient":""},"mobile":{"background-color":"","background-image":"","background-repeat":"repeat","background-position":"center center","background-size":"auto","background-attachment":"scroll","background-type":"","background-media":"","overlay-type":"","overlay-color":"","overlay-opacity":"","overlay-gradient":""}},"ast-content-background-meta":{"desktop":{"background-color":"var(--ast-global-color-5)","background-image":"","background-repeat":"repeat","background-position":"center center","background-size":"auto","background-attachment":"scroll","background-type":"","background-media":"","overlay-type":"","overlay-color":"","overlay-opacity":"","overlay-gradient":""},"tablet":{"background-color":"var(--ast-global-color-5)","background-image":"","background-repeat":"repeat","background-position":"center center","background-size":"auto","background-attachment":"scroll","background-type":"","background-media":"","overlay-type":"","overlay-color":"","overlay-opacity":"","overlay-gradient":""},"mobile":{"background-color":"var(--ast-global-color-5)","background-image":"","background-repeat":"repeat","background-position":"center center","background-size":"auto","background-attachment":"scroll","background-type":"","background-media":"","overlay-type":"","overlay-color":"","overlay-opacity":"","overlay-gradient":""}},"footnotes":""},"categories":[37],"tags":[],"class_list":["post-30395","post","type-post","status-publish","format-standard","has-post-thumbnail","hentry","category-negocios"],"_links":{"self":[{"href":"https:\/\/alternativatvstreaming.com.br\/index.php?rest_route=\/wp\/v2\/posts\/30395","targetHints":{"allow":["GET"]}}],"collection":[{"href":"https:\/\/alternativatvstreaming.com.br\/index.php?rest_route=\/wp\/v2\/posts"}],"about":[{"href":"https:\/\/alternativatvstreaming.com.br\/index.php?rest_route=\/wp\/v2\/types\/post"}],"author":[{"embeddable":true,"href":"https:\/\/alternativatvstreaming.com.br\/index.php?rest_route=\/wp\/v2\/users\/17"}],"replies":[{"embeddable":true,"href":"https:\/\/alternativatvstreaming.com.br\/index.php?rest_route=%2Fwp%2Fv2%2Fcomments&post=30395"}],"version-history":[{"count":0,"href":"https:\/\/alternativatvstreaming.com.br\/index.php?rest_route=\/wp\/v2\/posts\/30395\/revisions"}],"wp:featuredmedia":[{"embeddable":true,"href":"https:\/\/alternativatvstreaming.com.br\/index.php?rest_route=\/wp\/v2\/media\/30396"}],"wp:attachment":[{"href":"https:\/\/alternativatvstreaming.com.br\/index.php?rest_route=%2Fwp%2Fv2%2Fmedia&parent=30395"}],"wp:term":[{"taxonomy":"category","embeddable":true,"href":"https:\/\/alternativatvstreaming.com.br\/index.php?rest_route=%2Fwp%2Fv2%2Fcategories&post=30395"},{"taxonomy":"post_tag","embeddable":true,"href":"https:\/\/alternativatvstreaming.com.br\/index.php?rest_route=%2Fwp%2Fv2%2Ftags&post=30395"}],"curies":[{"name":"wp","href":"https:\/\/api.w.org\/{rel}","templated":true}]}}