{"id":30399,"date":"2026-04-29T09:53:03","date_gmt":"2026-04-29T12:53:03","guid":{"rendered":"https:\/\/alternativatvstreaming.com.br\/?p=30399"},"modified":"2026-04-29T09:53:03","modified_gmt":"2026-04-29T12:53:03","slug":"cni-acordo-mercosul-ue-zera-tarifas-de-80-das-exportacoes-a-europa","status":"publish","type":"post","link":"https:\/\/alternativatvstreaming.com.br\/?p=30399","title":{"rendered":"CNI: acordo Mercosul\u2013UE zera tarifas de 80% das exporta\u00e7\u00f5es a Europa"},"content":{"rendered":"<\/p>\n<p><a class=\"\" href=\"https:\/\/agenciabrasil.ebc.com.br\/economia\/noticia\/2026-04\/cni-acordo-mercosul-ue-zera-tarifas-de-80-das-exportacoes-europa\"><br \/>\n                    <img decoding=\"async\" src=\"https:\/\/cdn.jsdelivr.net\/gh\/sergiosdlima\/assets-ebc@1.0.0\/abr\/assets\/images\/logo-agenciabrasil.svg\" alt=\"Logo Ag\u00eancia Brasil\"><br \/>\n\t\t\t\t<\/a><\/p>\n<p><strong>Entra em vigor nesta sexta-feira (1\u00ba) o acordo comercial entre o Mercosul e a Uni\u00e3o Europeia, com impacto direto nas exporta\u00e7\u00f5es brasileiras.<\/strong> <strong>Segundo estimativas da Confedera\u00e7\u00e3o Nacional da Ind\u00fastria (CNI), mais de 80% dos produtos vendidos pelo Brasil ao bloco europeu passam a ter tarifa de importa\u00e7\u00e3o zerada nesta fase inicial.<\/strong><img decoding=\"async\" src=\"https:\/\/agenciabrasil.ebc.com.br\/ebc.png?id=1687546&#038;o=rss\"><img decoding=\"async\" src=\"https:\/\/agenciabrasil.ebc.com.br\/ebc.gif?id=1687546&#038;o=rss\"><\/p>\n<p>Sem tarifas da Uni\u00e3o Europeia, as empresas brasileiras poder\u00e3o vender a maior parte de seus produtos para a Europa sem pagar impostos de entrada, o que reduz custos e aumenta a competitividade frente a concorrentes de outros pa\u00edses.<\/p>\n<\/p>\n<h3>Not\u00edcias relacionadas:<\/h3>\n<ul>\n<li><a href=\"https:\/\/agenciabrasil.ebc.com.br\/economia\/noticia\/2026-03\/acordo-mercosul-ue-valera-provisoriamente-em-maio-confirma-governo\">Acordo Mercosul-UE valer\u00e1 provisoriamente em maio, confirma governo.<\/a><\/li>\n<li><a href=\"https:\/\/agenciabrasil.ebc.com.br\/economia\/noticia\/2026-03\/congresso-nacional-promulga-acordo-mercosul-uniao-europeia\">Congresso Nacional promulga acordo Mercosul-Uni\u00e3o Europeia.<\/a><\/li>\n<li><a href=\"https:\/\/agenciabrasil.ebc.com.br\/economia\/noticia\/2026-03\/senado-aprova-acordo-entre-mercosul-e-uniao-europeia\">Senado aprova acordo entre Mercosul e Uni\u00e3o Europeia.<\/a><\/li>\n<\/ul>\n<p><strong>O acordo cria uma das maiores \u00e1reas de livre com\u00e9rcio do mundo, conectando um mercado de mais de 700 milh\u00f5es de consumidores. Segundo a CNI, mais de 5 mil produtos brasileiros ter\u00e3o tarifa zero imediatamente, incluindo itens industriais e agr\u00edcolas.<\/strong><\/p>\n<h2>O que muda para as exporta\u00e7\u00f5es brasileiras<\/h2>\n<p>Hoje, muitos produtos exportados pelo Brasil enfrentam tarifas ao entrar no mercado europeu, o que encarece o pre\u00e7o final e dificulta a concorr\u00eancia. Com o acordo, essas barreiras come\u00e7am a ser eliminadas.<\/p>\n<p><strong>Dos 2.932 produtos que ter\u00e3o tarifas zeradas j\u00e1 no in\u00edcio:<\/strong><\/p>\n<p>\u2022 Cerca de 93% (2.714) s\u00e3o bens industriais<\/p>\n<p>\u2022 Os demais incluem itens do setor aliment\u00edcio e mat\u00e9rias-primas<\/p>\n<p>Isso tende a favorecer principalmente a ind\u00fastria brasileira, que ganha acesso mais competitivo a um dos mercados mais exigentes e relevantes do mundo.<\/p>\n<h2>Setores mais beneficiados<\/h2>\n<p>Entre os setores que mais devem sentir o impacto positivo est\u00e3o:<\/p>\n<p>\u2022\u00a0 \u00a0 M\u00e1quinas e equipamentos (21,8% dos 2.932 produtos com redu\u00e7\u00e3o imediata);<\/p>\n<p>\u2022\u00a0 \u00a0 Alimentos (12,5%);<\/p>\n<p>\u2022\u00a0 \u00a0 Metalurgia (9,1%);<\/p>\n<p>\u2022\u00a0 \u00a0 M\u00e1quinas, aparelhos e materiais el\u00e9tricos (8,9%);<\/p>\n<p>\u2022\u00a0 \u00a0 Produtos qu\u00edmicos (8,1%).<\/p>\n<p><strong>No caso do setor de m\u00e1quinas e equipamentos, quase 96% das exporta\u00e7\u00f5es brasileiras para a Europa passam a entrar sem tarifa.<\/strong> Isso inclui produtos como compressores, bombas industriais e pe\u00e7as mec\u00e2nicas.<\/p>\n<p><strong>Na \u00e1rea de alimentos, centenas de itens tamb\u00e9m ter\u00e3o tarifa zero, ampliando o espa\u00e7o para produtos brasileiros no mercado europeu.<\/strong><\/p>\n<h2>Por que o acordo \u00e9 importante<\/h2>\n<p>O acordo \u00e9 considerado estrat\u00e9gico porque amplia significativamente o alcance comercial do Brasil. <strong>Atualmente, pa\u00edses com os quais o Brasil tem acordos comerciais representam cerca de 9% das importa\u00e7\u00f5es globais. Com a entrada da Uni\u00e3o Europeia, esse n\u00famero pode saltar para mais de 37%.<\/strong><\/p>\n<p>Al\u00e9m disso, o tratado traz mais previsibilidade para as empresas, com regras claras sobre com\u00e9rcio, compras governamentais e padr\u00f5es t\u00e9cnicos.<\/p>\n<h2>Implementa\u00e7\u00e3o gradual<\/h2>\n<p>Apesar do impacto imediato, nem todos os produtos ter\u00e3o tarifas zeradas de uma vez. Para itens considerados mais sens\u00edveis, a redu\u00e7\u00e3o ser\u00e1 feita de forma gradual:<\/p>\n<p>\u2022 Em at\u00e9 10 anos na Uni\u00e3o Europeia<\/p>\n<p>\u2022 Em at\u00e9 15 anos no Mercosul<\/p>\n<p>\u2022 Em alguns casos espec\u00edficos, como novas tecnologias, o prazo pode chegar a 30 anos<\/p>\n<h2>Pr\u00f3ximas etapas<\/h2>\n<p><strong>A entrada em vigor marca apenas o in\u00edcio da implementa\u00e7\u00e3o. O governo brasileiro ainda deve regulamentar detalhes como a distribui\u00e7\u00e3o de cotas de exporta\u00e7\u00e3o entre os pa\u00edses do Mercosul.<\/strong><\/p>\n<p>Al\u00e9m disso, entidades empresariais dos dois blocos devem criar um comit\u00ea para acompanhar a aplica\u00e7\u00e3o do acordo e ajudar empresas a aproveitar as novas oportunidades.<\/p>\n<p>\u00a0<\/p>\n","protected":false},"excerpt":{"rendered":"<p>Entra em vigor nesta sexta-feira (1\u00ba) o acordo comercial entre o Mercosul e a Uni\u00e3o Europeia, com impacto direto nas exporta\u00e7\u00f5es brasileiras. Segundo estimativas da Confedera\u00e7\u00e3o Nacional da Ind\u00fastria (CNI), mais de 80% dos produtos vendidos pelo Brasil ao bloco europeu passam a ter tarifa de importa\u00e7\u00e3o zerada nesta fase inicial. Sem tarifas da Uni\u00e3o [&hellip;]<\/p>\n","protected":false},"author":1,"featured_media":30400,"comment_status":"open","ping_status":"open","sticky":false,"template":"","format":"standard","meta":{"rop_custom_images_group":[],"rop_custom_messages_group":[],"rop_publish_now":"initial","rop_publish_now_accounts":{"facebook_9070789419679556_1658623117598344":""},"rop_publish_now_history":[],"rop_publish_now_status":"pending","site-sidebar-layout":"default","site-content-layout":"","ast-site-content-layout":"","site-content-style":"default","site-sidebar-style":"default","ast-global-header-display":"","ast-banner-title-visibility":"","ast-main-header-display":"","ast-hfb-above-header-display":"","ast-hfb-below-header-display":"","ast-hfb-mobile-header-display":"","site-post-title":"","ast-breadcrumbs-content":"","ast-featured-img":"","footer-sml-layout":"","theme-transparent-header-meta":"","adv-header-id-meta":"","stick-header-meta":"","header-above-stick-meta":"","header-main-stick-meta":"","header-below-stick-meta":"","astra-migrate-meta-layouts":"default","ast-page-background-enabled":"default","ast-page-background-meta":{"desktop":{"background-color":"var(--ast-global-color-4)","background-image":"","background-repeat":"repeat","background-position":"center center","background-size":"auto","background-attachment":"scroll","background-type":"","background-media":"","overlay-type":"","overlay-color":"","overlay-opacity":"","overlay-gradient":""},"tablet":{"background-color":"","background-image":"","background-repeat":"repeat","background-position":"center center","background-size":"auto","background-attachment":"scroll","background-type":"","background-media":"","overlay-type":"","overlay-color":"","overlay-opacity":"","overlay-gradient":""},"mobile":{"background-color":"","background-image":"","background-repeat":"repeat","background-position":"center center","background-size":"auto","background-attachment":"scroll","background-type":"","background-media":"","overlay-type":"","overlay-color":"","overlay-opacity":"","overlay-gradient":""}},"ast-content-background-meta":{"desktop":{"background-color":"var(--ast-global-color-5)","background-image":"","background-repeat":"repeat","background-position":"center center","background-size":"auto","background-attachment":"scroll","background-type":"","background-media":"","overlay-type":"","overlay-color":"","overlay-opacity":"","overlay-gradient":""},"tablet":{"background-color":"var(--ast-global-color-5)","background-image":"","background-repeat":"repeat","background-position":"center center","background-size":"auto","background-attachment":"scroll","background-type":"","background-media":"","overlay-type":"","overlay-color":"","overlay-opacity":"","overlay-gradient":""},"mobile":{"background-color":"var(--ast-global-color-5)","background-image":"","background-repeat":"repeat","background-position":"center center","background-size":"auto","background-attachment":"scroll","background-type":"","background-media":"","overlay-type":"","overlay-color":"","overlay-opacity":"","overlay-gradient":""}},"footnotes":""},"categories":[37],"tags":[],"class_list":["post-30399","post","type-post","status-publish","format-standard","has-post-thumbnail","hentry","category-negocios"],"_links":{"self":[{"href":"https:\/\/alternativatvstreaming.com.br\/index.php?rest_route=\/wp\/v2\/posts\/30399","targetHints":{"allow":["GET"]}}],"collection":[{"href":"https:\/\/alternativatvstreaming.com.br\/index.php?rest_route=\/wp\/v2\/posts"}],"about":[{"href":"https:\/\/alternativatvstreaming.com.br\/index.php?rest_route=\/wp\/v2\/types\/post"}],"author":[{"embeddable":true,"href":"https:\/\/alternativatvstreaming.com.br\/index.php?rest_route=\/wp\/v2\/users\/1"}],"replies":[{"embeddable":true,"href":"https:\/\/alternativatvstreaming.com.br\/index.php?rest_route=%2Fwp%2Fv2%2Fcomments&post=30399"}],"version-history":[{"count":0,"href":"https:\/\/alternativatvstreaming.com.br\/index.php?rest_route=\/wp\/v2\/posts\/30399\/revisions"}],"wp:featuredmedia":[{"embeddable":true,"href":"https:\/\/alternativatvstreaming.com.br\/index.php?rest_route=\/wp\/v2\/media\/30400"}],"wp:attachment":[{"href":"https:\/\/alternativatvstreaming.com.br\/index.php?rest_route=%2Fwp%2Fv2%2Fmedia&parent=30399"}],"wp:term":[{"taxonomy":"category","embeddable":true,"href":"https:\/\/alternativatvstreaming.com.br\/index.php?rest_route=%2Fwp%2Fv2%2Fcategories&post=30399"},{"taxonomy":"post_tag","embeddable":true,"href":"https:\/\/alternativatvstreaming.com.br\/index.php?rest_route=%2Fwp%2Fv2%2Ftags&post=30399"}],"curies":[{"name":"wp","href":"https:\/\/api.w.org\/{rel}","templated":true}]}}