{"id":30427,"date":"2026-04-29T14:53:31","date_gmt":"2026-04-29T17:53:31","guid":{"rendered":"https:\/\/alternativatvstreaming.com.br\/?p=30427"},"modified":"2026-04-29T14:53:31","modified_gmt":"2026-04-29T17:53:31","slug":"messias-defende-conciliacao-para-pacificar-conflitos-por-terra","status":"publish","type":"post","link":"https:\/\/alternativatvstreaming.com.br\/?p=30427","title":{"rendered":"Messias defende concilia\u00e7\u00e3o para pacificar conflitos por terra"},"content":{"rendered":"<\/p>\n<p><a class=\"\" href=\"https:\/\/agenciabrasil.ebc.com.br\/politica\/noticia\/2026-04\/messias-defende-conciliacao-para-pacificar-conflitos-por-terra\"><br \/>\n                    <img decoding=\"async\" src=\"https:\/\/cdn.jsdelivr.net\/gh\/sergiosdlima\/assets-ebc@1.0.0\/abr\/assets\/images\/logo-agenciabrasil.svg\" alt=\"Logo Ag\u00eancia Brasil\"><br \/>\n\t\t\t\t<\/a><\/p>\n<p>O indicado ao Supremo Tribunal Federal (STF) Jorge Messias\u00a0defendeu\u00a0nesta quarta-feira (29), em sabatina no Senado, que o Judici\u00e1rio atue por meio da concilia\u00e7\u00e3o para pacificar conflitos por terra no campo brasileiro.<img decoding=\"async\" src=\"https:\/\/agenciabrasil.ebc.com.br\/ebc.png?id=1687682&#038;o=rss\"><img decoding=\"async\" src=\"https:\/\/agenciabrasil.ebc.com.br\/ebc.gif?id=1687682&#038;o=rss\"><\/p>\n<p>\u201cA melhor forma que n\u00f3s temos de compor os conflitos de interesse desse pa\u00eds, principalmente conflitos fundi\u00e1rios, \u00e9 a concilia\u00e7\u00e3o, o di\u00e1logo,\u00a0a pacifica\u00e7\u00e3o\u201d, disse Messias.<\/p>\n<\/p>\n<h3>Not\u00edcias relacionadas:<\/h3>\n<ul>\n<li><a href=\"https:\/\/agenciabrasil.ebc.com.br\/politica\/noticia\/2026-04\/em-sabatina-messias-defende-autocontencao-do-stf-em-pautas-polemicas\">Em sabatina, Messias defende autoconten\u00e7\u00e3o do STF em pautas pol\u00eamicas.<\/a><\/li>\n<li><a href=\"https:\/\/agenciabrasil.ebc.com.br\/politica\/noticia\/2026-04\/sabatina-de-jorge-messias-para-o-stf-comeca-no-senado\">Sabatina de Jorge Messias para o STF come\u00e7a no Senado.<\/a><\/li>\n<li><a href=\"https:\/\/agenciabrasil.ebc.com.br\/politica\/noticia\/2026-04\/presidencia-da-republica-oficializa-indicacao-de-jorge-messias-ao-stf\">Presid\u00eancia da Rep\u00fablica oficializa indica\u00e7\u00e3o de Jorge Messias ao STF.<\/a><\/li>\n<\/ul>\n<p>O atual advogado-geral da Uni\u00e3o (AGU) respondia ao senador Jayme Campos (Uni\u00e3o-MT), que criticou a \u201cinseguran\u00e7a jur\u00eddica\u201d do produtor agr\u00edcola brasileiro diante da controv\u00e9rsia em torno da <a href=\"https:\/\/agenciabrasil.ebc.com.br\/justica\/noticia\/2025-12\/stf-derruba-tese-do-marco-temporal-para-demarcacao-de-terras-indigenas\" target=\"_blank\">tese do marco temporal, considerada inconstitucional pelo STF<\/a>.<\/p>\n<p>A tese, aprovada em projeto de lei no Congresso Nacional, diz que os povos ind\u00edgenas s\u00f3 teriam direito \u00e0s terras que j\u00e1 ocupavam durante a promulga\u00e7\u00e3o da Constitui\u00e7\u00e3o, em 1988. <strong>Messias argumentou que a concilia\u00e7\u00e3o pode resolver impasses envolvendo as terras ind\u00edgenas.\u00a0<\/strong><\/p>\n<p>\u201cEste que vos fala foi o primeiro AGU a ter a coragem de assinar um acordo no STF reconhecendo o direito ao pagamento da indeniza\u00e7\u00e3o justa a um propriet\u00e1rio de terra que tinha um justo t\u00edtulo em Mato Grosso, numa terra ind\u00edgena que estava h\u00e1 anos em conflito\u201d, disse.<\/p>\n<p>Messias foi indicado pelo governo federal\u00a0para assumir a vaga deixada pelo ministro Lu\u00eds Roberto Barroso. <strong>Para assumir o cargo, precisa dos votos favor\u00e1veis de\u00a041 dos 81 senadores.<\/strong><\/p>\n<p>Sobre os conflitos em torno do marco temporal, o indicado ao STF destacou que n\u00e3o \u00e9 poss\u00edvel \u201ctransigir naquilo que a Constitui\u00e7\u00e3o estabelece\u201d.<\/p>\n<p>\u201cMas n\u00f3s tamb\u00e9m n\u00e3o podemos retirar do propriet\u00e1rio de terra leg\u00edtimo um direito \u00e0 justa indeniza\u00e7\u00e3o ou uma pacifica\u00e7\u00e3o\u201d, completou, acrescentando que o melhor caminho para a \u201cpaz social\u201d \u00e9 conciliar o direito \u00e0 propriedade privada com o direito dos povos ind\u00edgenas.<\/p>\n<p>\u201c\u00c9 poss\u00edvel conciliar. Fizemos um <a href=\"https:\/\/www.gov.br\/agu\/pt-br\/comunicacao\/noticias\/acordo-historico-destina-r-240-milhoes-para-povos-ava-guarani\" target=\"_blank\">acordo hist\u00f3rico na regi\u00e3o do Paran\u00e1<\/a> que, ap\u00f3s 40 anos, n\u00f3s conseguimos entregar, a partir do pagamento por compra de terra, os direitos dos ind\u00edgenas Av\u00e1-Guarani, que foram ali deslocados com a usina de Itaipu\u201d, completou.\u00a0<\/p>\n<h2>Meio ambiente<\/h2>\n<p>O\u00a0senador Jayme Campos criticou ainda a demora em processos de licenciamento ambiental e <a href=\"https:\/\/agenciabrasil.ebc.com.br\/justica\/noticia\/2025-10\/stf-suspende-julgamento-sobre-projeto-para-obra-da-ferrograo\" target=\"_blank\">decis\u00f5es judiciais que paralisam as obras do Ferrogr\u00e3o<\/a>, ferrovia que liga o Centro-Oeste aos portos do Norte do Brasil.<\/p>\n<p>Messias disse que esse projeto \u00e9 vital para o pa\u00eds e lembrou que buscou a concilia\u00e7\u00e3o entre as partes, como AGU, para destravar as obras do Ferrogr\u00e3o. Ele\u00a0defendeu um desenvolvimento sustent\u00e1vel para o Brasil, que seja capaz de proteger o meio ambiente.<\/p>\n<blockquote>\n<p>\u00a0\u201cN\u00e3o h\u00e1 que se ter antagonismo entre a preserva\u00e7\u00e3o ambiental e o desenvolvimento econ\u00f4mico. N\u00f3s podemos conciliar as duas coisas&#8221;.<\/p>\n<\/blockquote>\n<p>&#8220;\u00c9 preciso ter clareza nas condicionantes ambientais, \u00e9 preciso ter clareza na oitiva aos povos ind\u00edgenas, aos povos origin\u00e1rios, mas tudo isso pode ser feito em benef\u00edcio do desenvolvimento\u201d, ponderou.<\/p>\n<h2>Aborto<\/h2>\n<p><strong>O indicado ao STF Jorge Messias destacou ainda, durante a sabatina, que \u00e9 \u201ctotalmente contra o aborto\u201d.<\/strong><\/p>\n<blockquote>\n<p>\u201cDa minha parte n\u00e3o haver\u00e1 qualquer tipo de a\u00e7\u00e3o, de ativismo em rela\u00e7\u00e3o ao tema aborto, na minha jurisdi\u00e7\u00e3o constitucional. Eu quero deixar absolutamente vossas excel\u00eancias tranquilas quanto a isso\u201d, disse.<\/p>\n<\/blockquote>\n<p>Messias ponderou que essa \u00e9 uma concep\u00e7\u00e3o \u201cpessoal, filos\u00f3fica e crist\u00e3\u201d dele, n\u00e3o sendo esse um tema para o Judici\u00e1rio, por ser de compet\u00eancia privativa do Congresso Nacional.<\/p>\n<p>O AGU respondia a questionamento do senador Weverton Rocha (PDT-MA), relator da indica\u00e7\u00e3o e Messias na CCJ, que questionou sobre<a href=\"https:\/\/agenciabrasil.ebc.com.br\/justica\/noticia\/2024-06\/agu-resolucao-do-cfm-que-proibe-assistolia-e-inconstitucional\" target=\"_blank\"> o parecer da Advocacia-Geral contra medida do Conselho Federal de Medicina (CFM) que restringia o acesso ao aborto legal<\/a>.<\/p>\n<p>Segundo Messias, o CFM n\u00e3o tem compet\u00eancia para isso, sendo essa uma atribui\u00e7\u00e3o do Parlamento. \u201cQuem tem a compet\u00eancia deve exerc\u00ea-la. N\u00f3s n\u00e3o podemos estabelecer atalhos. Portanto, defendi o princ\u00edpio da legalidade, defendi o princ\u00edpio da separa\u00e7\u00e3o de Poderes\u201d, disse.<\/p>\n<p>O indicado ao Supremo disse ainda que, \u201cqualquer que seja a circunst\u00e2ncia\u201d, o aborto \u00e9 uma \u201ctrag\u00e9dia humana\u201d.<\/p>\n<p>\u201cAgora, a gente precisa olhar tamb\u00e9m com humanidade: h\u00e1 uma mulher, h\u00e1 uma crian\u00e7a, h\u00e1 uma adolescente, h\u00e1 uma vida. \u00c9 por isso que a lei estabeleceu hip\u00f3teses muito restritas de excludentes da ilicitude \u2500 e isso h\u00e1 d\u00e9cadas\u201d, acrescentou.<\/p>\n<p>A lei permite o aborto em casos de estupro, de risco de morte da m\u00e3e, ou de anencefalia fetal, malforma\u00e7\u00e3o cong\u00eanita grave e fatal.<\/p>\n<h2>8 de janeiro<\/h2>\n<p>Messias ainda foi provocado, pela oposi\u00e7\u00e3o, sobre a decis\u00e3o dele, enquanto advogado-geral da Uni\u00e3o, de <a href=\"https:\/\/agenciabrasil.ebc.com.br\/justica\/noticia\/2024-10\/agu-propor-anistia-condenados-do-8-de-janeiro-e-inconstitucional\" target=\"_blank\">pedir a pris\u00e3o de envolvidos nos atentados do 8 de janeiro de 2023<\/a>. O ataque depredou as sedes dos Poderes, em Bras\u00edlia, pedindo um golpe militar contra a posse do presidente Lula.<\/p>\n<p><strong>O sabatinado\u00a0disse que era um dever do cargo dele pedir a pris\u00e3o em flagrante daqueles que atentavam contra a democracia.<\/strong><\/p>\n<p>\u201cFoi a defesa do patrim\u00f4nio da Uni\u00e3o. E por que eu fiz? Porque \u00e9 meu dever constitucional. Se eu n\u00e3o tivesse feito o pedido que fiz, eu teria prevaricado \u2500 e prevaricador nunca fui e n\u00e3o serei\u201d, afirmou.<\/p>\n","protected":false},"excerpt":{"rendered":"<p>O indicado ao Supremo Tribunal Federal (STF) Jorge Messias\u00a0defendeu\u00a0nesta quarta-feira (29), em sabatina no Senado, que o Judici\u00e1rio atue por meio da concilia\u00e7\u00e3o para pacificar conflitos por terra no campo brasileiro. \u201cA melhor forma que n\u00f3s temos de compor os conflitos de interesse desse pa\u00eds, principalmente conflitos fundi\u00e1rios, \u00e9 a concilia\u00e7\u00e3o, o di\u00e1logo,\u00a0a pacifica\u00e7\u00e3o\u201d, disse [&hellip;]<\/p>\n","protected":false},"author":79,"featured_media":30428,"comment_status":"open","ping_status":"open","sticky":false,"template":"","format":"standard","meta":{"rop_custom_images_group":[],"rop_custom_messages_group":[],"rop_publish_now":"initial","rop_publish_now_accounts":{"facebook_9070789419679556_1658623117598344":""},"rop_publish_now_history":[],"rop_publish_now_status":"pending","site-sidebar-layout":"default","site-content-layout":"","ast-site-content-layout":"","site-content-style":"default","site-sidebar-style":"default","ast-global-header-display":"","ast-banner-title-visibility":"","ast-main-header-display":"","ast-hfb-above-header-display":"","ast-hfb-below-header-display":"","ast-hfb-mobile-header-display":"","site-post-title":"","ast-breadcrumbs-content":"","ast-featured-img":"","footer-sml-layout":"","theme-transparent-header-meta":"","adv-header-id-meta":"","stick-header-meta":"","header-above-stick-meta":"","header-main-stick-meta":"","header-below-stick-meta":"","astra-migrate-meta-layouts":"default","ast-page-background-enabled":"default","ast-page-background-meta":{"desktop":{"background-color":"var(--ast-global-color-4)","background-image":"","background-repeat":"repeat","background-position":"center center","background-size":"auto","background-attachment":"scroll","background-type":"","background-media":"","overlay-type":"","overlay-color":"","overlay-opacity":"","overlay-gradient":""},"tablet":{"background-color":"","background-image":"","background-repeat":"repeat","background-position":"center center","background-size":"auto","background-attachment":"scroll","background-type":"","background-media":"","overlay-type":"","overlay-color":"","overlay-opacity":"","overlay-gradient":""},"mobile":{"background-color":"","background-image":"","background-repeat":"repeat","background-position":"center center","background-size":"auto","background-attachment":"scroll","background-type":"","background-media":"","overlay-type":"","overlay-color":"","overlay-opacity":"","overlay-gradient":""}},"ast-content-background-meta":{"desktop":{"background-color":"var(--ast-global-color-5)","background-image":"","background-repeat":"repeat","background-position":"center center","background-size":"auto","background-attachment":"scroll","background-type":"","background-media":"","overlay-type":"","overlay-color":"","overlay-opacity":"","overlay-gradient":""},"tablet":{"background-color":"var(--ast-global-color-5)","background-image":"","background-repeat":"repeat","background-position":"center center","background-size":"auto","background-attachment":"scroll","background-type":"","background-media":"","overlay-type":"","overlay-color":"","overlay-opacity":"","overlay-gradient":""},"mobile":{"background-color":"var(--ast-global-color-5)","background-image":"","background-repeat":"repeat","background-position":"center center","background-size":"auto","background-attachment":"scroll","background-type":"","background-media":"","overlay-type":"","overlay-color":"","overlay-opacity":"","overlay-gradient":""}},"footnotes":""},"categories":[17],"tags":[],"class_list":["post-30427","post","type-post","status-publish","format-standard","has-post-thumbnail","hentry","category-mundo"],"_links":{"self":[{"href":"https:\/\/alternativatvstreaming.com.br\/index.php?rest_route=\/wp\/v2\/posts\/30427","targetHints":{"allow":["GET"]}}],"collection":[{"href":"https:\/\/alternativatvstreaming.com.br\/index.php?rest_route=\/wp\/v2\/posts"}],"about":[{"href":"https:\/\/alternativatvstreaming.com.br\/index.php?rest_route=\/wp\/v2\/types\/post"}],"author":[{"embeddable":true,"href":"https:\/\/alternativatvstreaming.com.br\/index.php?rest_route=\/wp\/v2\/users\/79"}],"replies":[{"embeddable":true,"href":"https:\/\/alternativatvstreaming.com.br\/index.php?rest_route=%2Fwp%2Fv2%2Fcomments&post=30427"}],"version-history":[{"count":0,"href":"https:\/\/alternativatvstreaming.com.br\/index.php?rest_route=\/wp\/v2\/posts\/30427\/revisions"}],"wp:featuredmedia":[{"embeddable":true,"href":"https:\/\/alternativatvstreaming.com.br\/index.php?rest_route=\/wp\/v2\/media\/30428"}],"wp:attachment":[{"href":"https:\/\/alternativatvstreaming.com.br\/index.php?rest_route=%2Fwp%2Fv2%2Fmedia&parent=30427"}],"wp:term":[{"taxonomy":"category","embeddable":true,"href":"https:\/\/alternativatvstreaming.com.br\/index.php?rest_route=%2Fwp%2Fv2%2Fcategories&post=30427"},{"taxonomy":"post_tag","embeddable":true,"href":"https:\/\/alternativatvstreaming.com.br\/index.php?rest_route=%2Fwp%2Fv2%2Ftags&post=30427"}],"curies":[{"name":"wp","href":"https:\/\/api.w.org\/{rel}","templated":true}]}}