{"id":30495,"date":"2026-04-30T11:52:18","date_gmt":"2026-04-30T14:52:18","guid":{"rendered":"https:\/\/alternativatvstreaming.com.br\/?p=30495"},"modified":"2026-04-30T11:52:18","modified_gmt":"2026-04-30T14:52:18","slug":"desemprego-no-1o-trimestre-e-de-61-o-menor-ja-registrado-no-periodo","status":"publish","type":"post","link":"https:\/\/alternativatvstreaming.com.br\/?p=30495","title":{"rendered":"Desemprego no 1\u00ba trimestre \u00e9 de 6,1%, o menor j\u00e1 registrado no per\u00edodo"},"content":{"rendered":"<\/p>\n<p><a class=\"\" href=\"https:\/\/agenciabrasil.ebc.com.br\/economia\/noticia\/2026-04\/desemprego-no-1o-trimestre-e-de-61-o-menor-ja-registrado-no-periodo\"><br \/>\n                    <img decoding=\"async\" src=\"https:\/\/cdn.jsdelivr.net\/gh\/sergiosdlima\/assets-ebc@1.0.0\/abr\/assets\/images\/logo-agenciabrasil.svg\" alt=\"Logo Ag\u00eancia Brasil\"><br \/>\n\t\t\t\t<\/a><\/p>\n<p><strong>A taxa de desemprego no primeiro trimestre do ano ficou em 6,1%. O indicador fica acima do registrado no quarto trimestre de 2025 (5,1%), por\u00e9m \u00e9 a menor taxa de desocupa\u00e7\u00e3o para um primeiro trimestre desde 2012, quando come\u00e7ou a <a href=\"https:\/\/agenciadenoticias.ibge.gov.br\/media\/com_mediaibge\/arquivos\/69f95a225b42486551a85a6e04e990ac.pdf\" target=\"_blank\">s\u00e9rie hist\u00f3rica da Pesquisa Nacional por Amostra de Domic\u00edlios<\/a>\u00a0(Pnad) Cont\u00ednua.<\/strong><img decoding=\"async\" src=\"https:\/\/agenciabrasil.ebc.com.br\/ebc.png?id=1687790&#038;o=rss\"><img decoding=\"async\" src=\"https:\/\/agenciabrasil.ebc.com.br\/ebc.gif?id=1687790&#038;o=rss\"><\/p>\n<p>Nos tr\u00eas primeiros meses do ano passado, o desemprego tinha marcado 7%. Os dados foram divulgados nesta quinta-feira (30) pelo <a href=\"https:\/\/agenciabrasil.ebc.com.br\/tags\/ibge\" target=\"_blank\">Instituto Brasileiro de Geografia e Estat\u00edstica<\/a> (IBGE), no Rio de Janeiro.<\/p>\n<\/p>\n<h3>Not\u00edcias relacionadas:<\/h3>\n<ul>\n<li><a href=\"https:\/\/agenciabrasil.ebc.com.br\/economia\/noticia\/2026-04\/banco-central-reduz-juros-basicos-para-145-ao-ano\">Banco Central reduz juros b\u00e1sicos para 14,5% ao ano.<\/a><\/li>\n<li><a href=\"https:\/\/agenciabrasil.ebc.com.br\/economia\/noticia\/2026-04\/entidades-do-setor-produtivo-cobram-cortes-maiores-da-selic\">Entidades do setor produtivo cobram cortes maiores da Selic.<\/a><\/li>\n<li><a href=\"https:\/\/agenciabrasil.ebc.com.br\/economia\/noticia\/2026-04\/simples-exigira-nota-fiscal-nacional-unica-partir-de-setembro\">Simples exigir\u00e1 nota fiscal nacional \u00fanica a partir de setembro.<\/a><\/li>\n<\/ul>\n<p><strong>Desde o trimestre encerrado em maio de 2025, a taxa de desemprego n\u00e3o ultrapassava 6%. No trimestre m\u00f3vel encerrado em fevereiro de 2026, a taxa de desocupa\u00e7\u00e3o foi de 5,8%.<\/strong><\/p>\n<p>No entanto, o IBGE n\u00e3o recomenda compara\u00e7\u00e3o em meses imediatamente seguidos, pois h\u00e1 sobreposi\u00e7\u00e3o de dados. Por exemplo, os n\u00fameros de fevereiro se repetem nas duas \u00faltimas divulga\u00e7\u00f5es da pesquisa. Por isso, o instituto prefere fazer compara\u00e7\u00f5es com o quarto trimestre de 2025.<\/p>\n<h2>Trabalhadores<\/h2>\n<p>O primeiro trimestre de 2026 terminou com<strong> 6,6 milh\u00f5es<\/strong> em busca de emprego. <strong>\u00c9\u00a0a chamada popula\u00e7\u00e3o desocupada.<\/strong> O contingente \u00e9 19,6% superior (1,1 milh\u00e3o de pessoas) ao do quarto trimestre de 2025, por\u00e9m fica 13% a menos que o primeiro trimestre de 2025.<\/p>\n<p>No mesmo trimestre, o total de ocupados chegou a\u00a0<strong>102 milh\u00f5es de pessoas<\/strong>, 1 milh\u00e3o a menos que no \u00faltimo trimestre de 2025 e 1,5 milh\u00e3o acima do contingente do primeiro trimestre do ano passado, ou seja, compara\u00e7\u00e3o anual.<\/p>\n<h2>Comportamento sazonal<\/h2>\n<p>O comportamento do mercado de trabalho no primeiro trimestre foi marcado por caracter\u00edsticas sazonais, ou seja, t\u00edpicas do per\u00edodo do ano, como explica a coordenadora de pesquisas domiciliares do IBGE, Adriana Beringuy.<\/p>\n<blockquote>\n<p>\u201cA redu\u00e7\u00e3o do contingente de trabalhadores ocorreu em atividades que, tipicamente, apresentam esse comportamento; seja devido \u00e0 tend\u00eancia de recuo no com\u00e9rcio nesse per\u00edodo do ano; seja pela din\u00e2mica de encerramento de contratos tempor\u00e1rio nas atividades de educa\u00e7\u00e3o e sa\u00fade no setor p\u00fablico municipal.\u201d<\/p>\n<\/blockquote>\n<p>De todos os 10\u00a0agrupamentos de atividades apurados pelo IBGE, nenhum apresentou crescimento de ocupados, e tr\u00eas tiveram queda: <strong>com\u00e9rcio (1,5%, ou menos 287 mil pessoas ocupadas), administra\u00e7\u00e3o p\u00fablica (2,3%, ou menos 439 mil pessoas) e servi\u00e7os dom\u00e9sticos (2,6%, ou menos 148 mil pessoas).<\/strong><\/p>\n<h2>Queda na informalidade<\/h2>\n<p><strong>Apesar de a taxa de desocupa\u00e7\u00e3o ter aumentado no primeiro trimestre de 2026 em rela\u00e7\u00e3o ao \u00faltimo trimestre de 2025, o Brasil vivenciou redu\u00e7\u00e3o da informalidade.<\/strong><\/p>\n<p>No trimestre encerrado em mar\u00e7o, a taxa de informalidade foi de 37,3% da popula\u00e7\u00e3o ocupada, o que equivale a 38,1 milh\u00f5es de trabalhadores informais, ou seja, sem direitos trabalhistas garantidos.<\/p>\n<p><strong>No fim de 2025, a taxa era de 37,6%, enquanto no primeiro trimestre de 2025 era 38%.<\/strong><\/p>\n<p>O n\u00famero de empregados com carteira assinada no setor privado ficou em <strong>39,2 milh\u00f5es<\/strong>, sem varia\u00e7\u00f5es significativas no trimestre, mas subindo <strong>1,3% (504 mil pessoas a mais) <\/strong>em um ano.<\/p>\n<p>O contingente de trabalhadores sem carteira no setor privado teve retra\u00e7\u00e3o de<strong>\u00a02,1%<\/strong> <strong>(menos 285 mil pessoas)<\/strong> no trimestre, chegando a 13,3 milh\u00f5es. Em um ano, houve estabilidade, isto \u00e9, sem mudan\u00e7a estat\u00edstica significativa.<\/p>\n<p>O n\u00famero de trabalhadores por conta pr\u00f3pria ficou est\u00e1vel no trimestre: 26 milh\u00f5es. Em compara\u00e7\u00e3o ao primeiro trimestre de 2025, houve alta de 2,4% (607 mil pessoas a mais).<\/p>\n<h2>Pnad<\/h2>\n<p>A pesquisa do IBGE apura o comportamento no mercado de trabalho para pessoas com 14 anos ou mais e leva em conta todas as formas de ocupa\u00e7\u00e3o, seja com ou sem carteira assinada, tempor\u00e1rio e por conta pr\u00f3pria, por exemplo. <strong>Pelos crit\u00e9rios do instituto, s\u00f3 \u00e9 considerada desocupada a pessoa que efetivamente procurou uma vaga 30 dias antes da pesquisa<\/strong>. <strong>S\u00e3o visitados 211 mil domic\u00edlios em todos os estados e no Distrito Federal.<\/strong><\/p>\n<p>A Pnad \u00e9 divulgada no dia seguinte a outro indicador de comportamento do mercado de trabalho, o Cadastro Geral de Empregados e Desempregados (Caged), elaborado pelo Minist\u00e9rio do Trabalho e Emprego (MTE) e que acompanha apenas o cen\u00e1rio de empregados com carteira assinada.<\/p>\n<p><strong>De acordo com o Caged, mar\u00e7o apresentou saldo positivo de 228 mil vagas formais. Em 12 meses, o <a href=\"https:\/\/agenciabrasil.ebc.com.br\/radioagencia-nacional\/economia\/audio\/2026-04\/brasil-cria-228-mil-vagas-formais-de-emprego-em-marco-aponta-caged\" target=\"_blank\">balan\u00e7o \u00e9 positivo<\/a> em 1,2 milh\u00e3o de postos com carteira assinada.<\/strong><\/p>\n","protected":false},"excerpt":{"rendered":"<p>A taxa de desemprego no primeiro trimestre do ano ficou em 6,1%. O indicador fica acima do registrado no quarto trimestre de 2025 (5,1%), por\u00e9m \u00e9 a menor taxa de desocupa\u00e7\u00e3o para um primeiro trimestre desde 2012, quando come\u00e7ou a s\u00e9rie hist\u00f3rica da Pesquisa Nacional por Amostra de Domic\u00edlios\u00a0(Pnad) Cont\u00ednua. Nos tr\u00eas primeiros meses do [&hellip;]<\/p>\n","protected":false},"author":67,"featured_media":30496,"comment_status":"open","ping_status":"open","sticky":false,"template":"","format":"standard","meta":{"rop_custom_images_group":[],"rop_custom_messages_group":[],"rop_publish_now":"initial","rop_publish_now_accounts":{"facebook_9070789419679556_1658623117598344":""},"rop_publish_now_history":[],"rop_publish_now_status":"pending","site-sidebar-layout":"default","site-content-layout":"","ast-site-content-layout":"","site-content-style":"default","site-sidebar-style":"default","ast-global-header-display":"","ast-banner-title-visibility":"","ast-main-header-display":"","ast-hfb-above-header-display":"","ast-hfb-below-header-display":"","ast-hfb-mobile-header-display":"","site-post-title":"","ast-breadcrumbs-content":"","ast-featured-img":"","footer-sml-layout":"","theme-transparent-header-meta":"","adv-header-id-meta":"","stick-header-meta":"","header-above-stick-meta":"","header-main-stick-meta":"","header-below-stick-meta":"","astra-migrate-meta-layouts":"default","ast-page-background-enabled":"default","ast-page-background-meta":{"desktop":{"background-color":"var(--ast-global-color-4)","background-image":"","background-repeat":"repeat","background-position":"center center","background-size":"auto","background-attachment":"scroll","background-type":"","background-media":"","overlay-type":"","overlay-color":"","overlay-opacity":"","overlay-gradient":""},"tablet":{"background-color":"","background-image":"","background-repeat":"repeat","background-position":"center center","background-size":"auto","background-attachment":"scroll","background-type":"","background-media":"","overlay-type":"","overlay-color":"","overlay-opacity":"","overlay-gradient":""},"mobile":{"background-color":"","background-image":"","background-repeat":"repeat","background-position":"center center","background-size":"auto","background-attachment":"scroll","background-type":"","background-media":"","overlay-type":"","overlay-color":"","overlay-opacity":"","overlay-gradient":""}},"ast-content-background-meta":{"desktop":{"background-color":"var(--ast-global-color-5)","background-image":"","background-repeat":"repeat","background-position":"center center","background-size":"auto","background-attachment":"scroll","background-type":"","background-media":"","overlay-type":"","overlay-color":"","overlay-opacity":"","overlay-gradient":""},"tablet":{"background-color":"var(--ast-global-color-5)","background-image":"","background-repeat":"repeat","background-position":"center center","background-size":"auto","background-attachment":"scroll","background-type":"","background-media":"","overlay-type":"","overlay-color":"","overlay-opacity":"","overlay-gradient":""},"mobile":{"background-color":"var(--ast-global-color-5)","background-image":"","background-repeat":"repeat","background-position":"center center","background-size":"auto","background-attachment":"scroll","background-type":"","background-media":"","overlay-type":"","overlay-color":"","overlay-opacity":"","overlay-gradient":""}},"footnotes":""},"categories":[37],"tags":[],"class_list":["post-30495","post","type-post","status-publish","format-standard","has-post-thumbnail","hentry","category-negocios"],"_links":{"self":[{"href":"https:\/\/alternativatvstreaming.com.br\/index.php?rest_route=\/wp\/v2\/posts\/30495","targetHints":{"allow":["GET"]}}],"collection":[{"href":"https:\/\/alternativatvstreaming.com.br\/index.php?rest_route=\/wp\/v2\/posts"}],"about":[{"href":"https:\/\/alternativatvstreaming.com.br\/index.php?rest_route=\/wp\/v2\/types\/post"}],"author":[{"embeddable":true,"href":"https:\/\/alternativatvstreaming.com.br\/index.php?rest_route=\/wp\/v2\/users\/67"}],"replies":[{"embeddable":true,"href":"https:\/\/alternativatvstreaming.com.br\/index.php?rest_route=%2Fwp%2Fv2%2Fcomments&post=30495"}],"version-history":[{"count":0,"href":"https:\/\/alternativatvstreaming.com.br\/index.php?rest_route=\/wp\/v2\/posts\/30495\/revisions"}],"wp:featuredmedia":[{"embeddable":true,"href":"https:\/\/alternativatvstreaming.com.br\/index.php?rest_route=\/wp\/v2\/media\/30496"}],"wp:attachment":[{"href":"https:\/\/alternativatvstreaming.com.br\/index.php?rest_route=%2Fwp%2Fv2%2Fmedia&parent=30495"}],"wp:term":[{"taxonomy":"category","embeddable":true,"href":"https:\/\/alternativatvstreaming.com.br\/index.php?rest_route=%2Fwp%2Fv2%2Fcategories&post=30495"},{"taxonomy":"post_tag","embeddable":true,"href":"https:\/\/alternativatvstreaming.com.br\/index.php?rest_route=%2Fwp%2Fv2%2Ftags&post=30495"}],"curies":[{"name":"wp","href":"https:\/\/api.w.org\/{rel}","templated":true}]}}