{"id":30499,"date":"2026-04-30T12:52:30","date_gmt":"2026-04-30T15:52:30","guid":{"rendered":"https:\/\/alternativatvstreaming.com.br\/?p=30499"},"modified":"2026-04-30T12:52:30","modified_gmt":"2026-04-30T15:52:30","slug":"enem-2026-ultimo-dia-para-pedir-isencao-da-taxa-de-inscricao","status":"publish","type":"post","link":"https:\/\/alternativatvstreaming.com.br\/?p=30499","title":{"rendered":"Enem 2026: \u00faltimo dia para pedir isen\u00e7\u00e3o da taxa de inscri\u00e7\u00e3o"},"content":{"rendered":"<\/p>\n<p><a class=\"\" href=\"https:\/\/agenciabrasil.ebc.com.br\/educacao\/noticia\/2026-04\/enem-2026-ultimo-dia-para-pedir-isencao-da-taxa-de-inscricao\"><br \/>\n                    <img decoding=\"async\" src=\"https:\/\/cdn.jsdelivr.net\/gh\/sergiosdlima\/assets-ebc@1.0.0\/abr\/assets\/images\/logo-agenciabrasil.svg\" alt=\"Logo Ag\u00eancia Brasil\"><br \/>\n\t\t\t\t<\/a><\/p>\n<p><strong>Os interessados em ter a isen\u00e7\u00e3o da taxa de inscri\u00e7\u00e3o do Exame Nacional do Ensino M\u00e9dio (Enem) 2026 devem fazer a solicita\u00e7\u00e3o ao Instituto Nacional de Estudos e Pesquisas Educacionais An\u00edsio Teixeira (Inep) termina \u00e0s 23 horas e 59 minutos desta quinta-feira (30).<\/strong><img decoding=\"async\" src=\"https:\/\/agenciabrasil.ebc.com.br\/ebc.png?id=1687795&#038;o=rss\"><img decoding=\"async\" src=\"https:\/\/agenciabrasil.ebc.com.br\/ebc.gif?id=1687795&#038;o=rss\"><\/p>\n<p>O prazo tamb\u00e9m valer\u00e1 para o candidato que obteve a isen\u00e7\u00e3o de pagamento da taxa de inscri\u00e7\u00e3o do Enem de 2025 e n\u00e3o compareceu \u00e0s provas nos dois dias de aplica\u00e7\u00e3o, em novembro passado,\u00a0se desejar solicitar nova isen\u00e7\u00e3o para o Enem 2026.<\/p>\n<\/p>\n<h3>Not\u00edcias relacionadas:<\/h3>\n<ul>\n<li><a href=\"https:\/\/agenciabrasil.ebc.com.br\/educacao\/noticia\/2026-04\/prazo-para-isencao-de-taxa-do-enem-2026-termina-nesta-quinta-feira\">Prazo para isen\u00e7\u00e3o\u202fde taxa\u202fdo Enem 2026 termina nesta quinta-feira.<\/a><\/li>\n<li><a href=\"https:\/\/agenciabrasil.ebc.com.br\/educacao\/noticia\/2026-04\/mec-prorroga-prazo-para-pedir-isencao-da-taxa-de-inscricao-do-enem\">MEC prorroga prazo para pedir isen\u00e7\u00e3o da taxa de inscri\u00e7\u00e3o do Enem.<\/a><\/li>\n<li><a href=\"https:\/\/agenciabrasil.ebc.com.br\/educacao\/noticia\/2026-04\/prazo-para-pedir-isencao-da-inscricao-do-enem-2026-termina-nesta-sexta\">Prazo para pedir\u202fisen\u00e7\u00e3o\u202fda inscri\u00e7\u00e3o\u202fdo Enem 2026 termina nesta sexta.<\/a><\/li>\n<\/ul>\n<p>Os dois procedimentos devem ser feitos na <a href=\"https:\/\/enem.inep.gov.br\/participante\/#!\/\" target=\"_blank\">P\u00e1gina do Participante<\/a>\u00a0do exame, com o login no portal \u00fanico de servi\u00e7os digitais do governo federal, o Gov.br.<\/p>\n<h2>Quem tem direito<\/h2>\n<p>Para pedir a isen\u00e7\u00e3o da taxa de inscri\u00e7\u00e3o, os candidatos devem se enquadrar nos seguintes perfis:<\/p>\n<p>\u00b7 estar matriculado no \u00faltimo ano do ensino m\u00e9dio em escola p\u00fablica (em\u202f2026);<\/p>\n<p>\u00b7 ter cursado todo o ensino m\u00e9dio em escola p\u00fablica ou como bolsista integral em escola privada e possuir renda igual ou inferior a um sal\u00e1rio m\u00ednimo e meio;<\/p>\n<p>\u00b7 ter inscri\u00e7\u00e3o ativa no Cadastro \u00danico para Programas Sociais do governo federal (Cad\u00danico) por estar em situa\u00e7\u00e3o de vulnerabilidade socioecon\u00f4mica. A falta de atualiza\u00e7\u00e3o no Cad\u00danico pode levar ao indeferimento da isen\u00e7\u00e3o no Enem;<\/p>\n<p>\u00b7 ser participante do Programa P\u00e9-de-Meia do Minist\u00e9rio da Educa\u00e7\u00e3o (MEC).<\/p>\n<p>E para quem precisa justificar a aus\u00eancia no exame do ano passado para garantir a gratuidade na edi\u00e7\u00e3o de 2026, precisa conferir os documentos aceitos que comprovem as condi\u00e7\u00f5es declaradas, est\u00e3o listados no <a href=\"https:\/\/www.in.gov.br\/web\/dou\/-\/edital-n-21-de-25-de-marco-de-2026-696989916\" target=\"_blank\">anexo I do edital<\/a>\u00a0 do Enem 2026 que trata de cada uma das situa\u00e7\u00f5es que podem ser justificadas na \u00faltima edi\u00e7\u00e3o do exame. <a href=\"https:\/\/agenciabrasil.ebc.com.br\/educacao\/noticia\/2026-04\/enem-2026-saiba-documentacao-para-justificar-ausencia-em-2025\" target=\"_blank\">Confira aqui<\/a>.\u00a0\u00a0<\/p>\n<h2>Resultados<\/h2>\n<p>O Inep esclarece que n\u00e3o enviar\u00e1 qualquer tipo de correspond\u00eancia \u00e0 resid\u00eancia do participante para informar quaisquer resultados da justificativa de aus\u00eancia no Enem 2025\u00a0e da solicita\u00e7\u00e3o de isen\u00e7\u00e3o de pagamento da taxa de inscri\u00e7\u00e3o no Enem 2026.\u00a0<\/p>\n<p>\u00c9 de responsabilidade do candidato enquadrados nestas duas situa\u00e7\u00f5es acessar a P\u00e1gina do Participante do Inep e consultar seu resultado.<\/p>\n<p><strong>De acordo com o novo calend\u00e1rio do Enem 2026, o resultado dos pedidos de isen\u00e7\u00e3o ser\u00e1 divulgado em 13 de maio.<\/strong><\/p>\n<p>Quem tiver o pedido negado poder\u00e1 recorrer administrativamente entre 13 e 19 de maio.<\/p>\n<p><strong>O resultado final dos recursos sair\u00e1 em 25 de maio.<\/strong><\/p>\n<h2>Inscri\u00e7\u00e3o em futura data<\/h2>\n<p>A inscri\u00e7\u00e3o no Enem \u00e9 obrigat\u00f3ria, mesmo para quem solicitou a isen\u00e7\u00e3o e teve o deferimento concedido.<\/p>\n<p>Independentemente do resultado do pedido de\u202fisen\u00e7\u00e3o, o estudante precisar\u00e1 se inscrever oficialmente no\u202fEnem. O per\u00edodo ainda ser\u00e1 estabelecido em futuro edital do exame a ser publicado pelo Inep.<\/p>\n<p>O candidato que teve o pedido do recurso de isen\u00e7\u00e3o negado em definitivo, em 25 de maio, ainda ter\u00e1 que pagar a taxa para se inscrever no exame.<\/p>\n<h2>Enem<\/h2>\n<p>O Exame Nacional do Ensino M\u00e9dio \u00e9 considerado a principal forma de entrada na educa\u00e7\u00e3o superior no Brasil, por meio de programas federais como Sistema de Sele\u00e7\u00e3o Unificada (Sisu), Programa Universidade para Todos (Prouni) e Fundo de Financiamento Estudantil (Fies).<\/p>\n<p>Desde a edi\u00e7\u00e3o de 2025, o Enem voltou a certificar a conclus\u00e3o dessa etapa de ensino para os candidatos com 18 anos completos e que tamb\u00e9m alcancem a pontua\u00e7\u00e3o m\u00ednima em cada \u00e1rea do conhecimento nas provas e na reda\u00e7\u00e3o.<\/p>\n<p>Os resultados individuais do Enem tamb\u00e9m podem ser aproveitados nos processos seletivos de institui\u00e7\u00f5es de ensino superior de Portugal\u00a0que t\u00eam conv\u00eanio com o Inep para aceitarem as notas do exame.<\/p>\n<p>\u00a0<\/p>\n","protected":false},"excerpt":{"rendered":"<p>Os interessados em ter a isen\u00e7\u00e3o da taxa de inscri\u00e7\u00e3o do Exame Nacional do Ensino M\u00e9dio (Enem) 2026 devem fazer a solicita\u00e7\u00e3o ao Instituto Nacional de Estudos e Pesquisas Educacionais An\u00edsio Teixeira (Inep) termina \u00e0s 23 horas e 59 minutos desta quinta-feira (30). O prazo tamb\u00e9m valer\u00e1 para o candidato que obteve a isen\u00e7\u00e3o de [&hellip;]<\/p>\n","protected":false},"author":9,"featured_media":30500,"comment_status":"open","ping_status":"open","sticky":false,"template":"","format":"standard","meta":{"rop_custom_images_group":[],"rop_custom_messages_group":[],"rop_publish_now":"initial","rop_publish_now_accounts":{"facebook_9070789419679556_1658623117598344":""},"rop_publish_now_history":[],"rop_publish_now_status":"pending","site-sidebar-layout":"default","site-content-layout":"","ast-site-content-layout":"","site-content-style":"default","site-sidebar-style":"default","ast-global-header-display":"","ast-banner-title-visibility":"","ast-main-header-display":"","ast-hfb-above-header-display":"","ast-hfb-below-header-display":"","ast-hfb-mobile-header-display":"","site-post-title":"","ast-breadcrumbs-content":"","ast-featured-img":"","footer-sml-layout":"","theme-transparent-header-meta":"","adv-header-id-meta":"","stick-header-meta":"","header-above-stick-meta":"","header-main-stick-meta":"","header-below-stick-meta":"","astra-migrate-meta-layouts":"default","ast-page-background-enabled":"default","ast-page-background-meta":{"desktop":{"background-color":"var(--ast-global-color-4)","background-image":"","background-repeat":"repeat","background-position":"center center","background-size":"auto","background-attachment":"scroll","background-type":"","background-media":"","overlay-type":"","overlay-color":"","overlay-opacity":"","overlay-gradient":""},"tablet":{"background-color":"","background-image":"","background-repeat":"repeat","background-position":"center center","background-size":"auto","background-attachment":"scroll","background-type":"","background-media":"","overlay-type":"","overlay-color":"","overlay-opacity":"","overlay-gradient":""},"mobile":{"background-color":"","background-image":"","background-repeat":"repeat","background-position":"center center","background-size":"auto","background-attachment":"scroll","background-type":"","background-media":"","overlay-type":"","overlay-color":"","overlay-opacity":"","overlay-gradient":""}},"ast-content-background-meta":{"desktop":{"background-color":"var(--ast-global-color-5)","background-image":"","background-repeat":"repeat","background-position":"center center","background-size":"auto","background-attachment":"scroll","background-type":"","background-media":"","overlay-type":"","overlay-color":"","overlay-opacity":"","overlay-gradient":""},"tablet":{"background-color":"var(--ast-global-color-5)","background-image":"","background-repeat":"repeat","background-position":"center center","background-size":"auto","background-attachment":"scroll","background-type":"","background-media":"","overlay-type":"","overlay-color":"","overlay-opacity":"","overlay-gradient":""},"mobile":{"background-color":"var(--ast-global-color-5)","background-image":"","background-repeat":"repeat","background-position":"center center","background-size":"auto","background-attachment":"scroll","background-type":"","background-media":"","overlay-type":"","overlay-color":"","overlay-opacity":"","overlay-gradient":""}},"footnotes":""},"categories":[4],"tags":[],"class_list":["post-30499","post","type-post","status-publish","format-standard","has-post-thumbnail","hentry","category-brasil"],"_links":{"self":[{"href":"https:\/\/alternativatvstreaming.com.br\/index.php?rest_route=\/wp\/v2\/posts\/30499","targetHints":{"allow":["GET"]}}],"collection":[{"href":"https:\/\/alternativatvstreaming.com.br\/index.php?rest_route=\/wp\/v2\/posts"}],"about":[{"href":"https:\/\/alternativatvstreaming.com.br\/index.php?rest_route=\/wp\/v2\/types\/post"}],"author":[{"embeddable":true,"href":"https:\/\/alternativatvstreaming.com.br\/index.php?rest_route=\/wp\/v2\/users\/9"}],"replies":[{"embeddable":true,"href":"https:\/\/alternativatvstreaming.com.br\/index.php?rest_route=%2Fwp%2Fv2%2Fcomments&post=30499"}],"version-history":[{"count":0,"href":"https:\/\/alternativatvstreaming.com.br\/index.php?rest_route=\/wp\/v2\/posts\/30499\/revisions"}],"wp:featuredmedia":[{"embeddable":true,"href":"https:\/\/alternativatvstreaming.com.br\/index.php?rest_route=\/wp\/v2\/media\/30500"}],"wp:attachment":[{"href":"https:\/\/alternativatvstreaming.com.br\/index.php?rest_route=%2Fwp%2Fv2%2Fmedia&parent=30499"}],"wp:term":[{"taxonomy":"category","embeddable":true,"href":"https:\/\/alternativatvstreaming.com.br\/index.php?rest_route=%2Fwp%2Fv2%2Fcategories&post=30499"},{"taxonomy":"post_tag","embeddable":true,"href":"https:\/\/alternativatvstreaming.com.br\/index.php?rest_route=%2Fwp%2Fv2%2Ftags&post=30499"}],"curies":[{"name":"wp","href":"https:\/\/api.w.org\/{rel}","templated":true}]}}