{"id":30561,"date":"2026-05-01T08:53:17","date_gmt":"2026-05-01T11:53:17","guid":{"rendered":"https:\/\/alternativatvstreaming.com.br\/?p=30561"},"modified":"2026-05-01T08:53:17","modified_gmt":"2026-05-01T11:53:17","slug":"hoje-e-dia-datas-fatos-e-feriados-de-maio-de-2026","status":"publish","type":"post","link":"https:\/\/alternativatvstreaming.com.br\/?p=30561","title":{"rendered":"Hoje \u00e9 Dia: datas, fatos e feriados de maio de 2026"},"content":{"rendered":"<p>Come\u00e7amos esta edi\u00e7\u00e3o do <strong>Hoje \u00e9 Dia<\/strong> com o <em>Dia do Trabalhador<\/em>, primeiro feriado do m\u00eas, comemorado no dia 1\u00ba. A efem\u00e9ride foi criada h\u00e1 140 anos, em 1886, durante uma greve em Chicago, nos Estados Unidos, quando trabalhadores foram agredidos, presos e executados, em meio a reivindica\u00e7\u00f5es por redu\u00e7\u00e3o de jornadas di\u00e1rias, que duravam at\u00e9 14 horas. Esta hist\u00f3ria \u00e9 contada nesta reportagem da <a href=\"https:\/\/agenciabrasil.ebc.com.br\/geral\/noticia\/2025-04\/entenda-origens-do-1o-de-maio\" target=\"_blank\"><strong>Ag\u00eancia Brasil<\/strong><\/a>, publicada no ano passado.<img decoding=\"async\" src=\"https:\/\/agenciabrasil.ebc.com.br\/ebc.png?id=1685176&#038;o=rss\"><img decoding=\"async\" src=\"https:\/\/agenciabrasil.ebc.com.br\/ebc.gif?id=1685176&#038;o=rss\"><\/p>\n<p>Somando-se \u00e0s manifesta\u00e7\u00f5es pelos direitos trabalhistas, no Brasil, a data tem sido utilizada para dar visibilidade \u00e0 proposta do fim da jornada 6&#215;1, de seis dias de trabalho e um de descanso por semana, limite previsto pela atual legisla\u00e7\u00e3o brasileira. Este foi o enfoque desta reportagem da <a href=\"https:\/\/agenciabrasil.ebc.com.br\/radioagencia-nacional\/economia\/audio\/2025-05\/no-dia-do-trabalhador-mobilizacoes-pedem-fim-da-jornada-6x1\" target=\"_blank\"><strong>Radioag\u00eancia Nacional<\/strong><\/a>, tamb\u00e9m publicada em 2025. E o <a href=\"https:\/\/tvbrasil.ebc.com.br\/reporter-brasil\/2025\/05\/trabalhadores-50-ainda-enfrentam-barreiras-no-mercado\" target=\"_blank\"><strong><em>Rep\u00f3rter Brasil<\/em><\/strong><\/a>, da <strong>TV Brasil<\/strong>, aproveitou a data para mostrar como pessoas com 50 anos ou mais enfrentam dificuldades para se recolocar no mercado de trabalho.\u00a0<\/p>\n<p>\n<audio controls=\"\" preload=\"none\"><source src=\"https:\/\/audios.ebc.com.br\/3c\/3c4748c0cc131539808ffba96b56c9cc.mp3\" type=\"audio\/mpeg\"><\/audio>\n<\/p>\n<p>\n<video controls=\"\" height=\"360\" width=\"100%\" preload=\"none\"><source src=\"https:\/\/videos.ebc.com.br\/fb\/fbba32b261bbf1b14c740357c2899cf4.mp4\" type=\"video\/mp4\"><\/video>\n<\/p>\n<p>Em maio, outra data comemorativa que vem automaticamente \u00e0 mem\u00f3ria \u00e9 o <em>Dia das M\u00e3es<\/em>, celebrado no segundo domingo do m\u00eas, que, este ano, cai no dia 10. A efem\u00e9ride foi criada nos Estados Unidos, em 1904, para homenagear uma ativista que lutou contra a mortalidade infantil. O <a href=\"https:\/\/agenciabrasil.ebc.com.br\/radioagencia-nacional\/geral\/audio\/2024-05\/historia-hoje-primeiro-dia-da-maes-nos-eua\" target=\"_blank\"><strong><em>Hist\u00f3ria Hoje<\/em><\/strong><\/a>, da <strong>R\u00e1dio Nacional<\/strong>, falou sobre o tema em edi\u00e7\u00e3o de 2024. No mesmo ano, a <a href=\"https:\/\/agenciabrasil.ebc.com.br\/radioagencia-nacional\/geral\/audio\/2024-05\/cresce-o-numero-de-mulheres-que-optam-pela-maternidade-apos-os-40-anos\" target=\"_blank\"><strong>Radioag\u00eancia Nacional<\/strong><\/a> veiculou reportagem sobre o aumento de mulheres que decidem ser m\u00eas depois dos 40 anos.<\/p>\n<p>Em 2023, O <a href=\"https:\/\/www.youtube.com\/watch?v=3ih-Q2tN_Ig\" target=\"_blank\"><em><strong>Rep\u00f3rter Brasil<\/strong><\/em><\/a>, da <strong>TV Brasil<\/strong>, mostrou os desafios que muitas mulheres enfrentam para realizarem o sonho de se tornarem m\u00e3es. E a <a href=\"https:\/\/agenciabrasil.ebc.com.br\/direitos-humanos\/noticia\/2025-05\/maes-solo-enfrentam-barreiras-na-garantia-de-direitos-aos-filhos\" target=\"_blank\"><strong>Ag\u00eancia Brasil<\/strong><\/a> abordou a as barreiras que as m\u00e3es solo t\u00eam para garantir os direitos dos filhos, em 2025.<\/p>\n<p>\n<audio controls=\"\" preload=\"none\"><source src=\"https:\/\/audios.ebc.com.br\/03\/038baedbab78e38515010fb35e2dfdfe.mp3\" type=\"audio\/mpeg\"><\/audio>\n<\/p>\n<p>\n<audio controls=\"\" preload=\"none\"><source src=\"https:\/\/audios.ebc.com.br\/2c\/2c8e393a5c1db0ba4f0e08a8c521271c.mp3\" type=\"audio\/mpeg\"><\/audio>\n<\/p>\n<p><iframe allow=\"accelerometer; autoplay; clipboard-write; encrypted-media; gyroscope; picture-in-picture; web-share\" allowfullscreen=\"\" frameborder=\"0\" height=\"360\" referrerpolicy=\"strict-origin-when-cross-origin\" src=\"https:\/\/www.youtube.com\/embed\/3ih-Q2tN_Ig\" title=\"M\u00e3es que inspiram: quando o desejo de ser m\u00e3e vence o imposs\u00edvel\" width=\"100%\" sandbox=\"allow-scripts allow-same-origin\"><\/iframe><\/p>\n<h2><strong>Mobiliza\u00e7\u00f5es do m\u00eas<\/strong><\/h2>\n<p>Estamos no <em>Maio Amarelo<\/em>. A campanha tem como finalidade chamar a aten\u00e7\u00e3o da sociedade para o alto \u00edndice de mortos e feridos no tr\u00e2nsito de todo o mundo e estimular a conscientiza\u00e7\u00e3o\u00a0sobre os cuidados necess\u00e1rios para prevenir\u00a0acidentes. Em 2024, o programa <a href=\"https:\/\/radios.ebc.com.br\/revista-brasilia\/2024\/05\/maio-amarelo-numero-de-vitimas-sem-cinto-de-seguranca-cresceu-quase-30-por-cento\" target=\"_blank\"><strong><em>Revista Bras\u00edlia<\/em><\/strong><\/a>, da <strong>R\u00e1dio Nacional<\/strong>, mostrou como a falta do uso do cinto de seguran\u00e7a eleva a gravidade dos acidentes.<\/p>\n<p>A <a href=\"https:\/\/agenciabrasil.ebc.com.br\/geral\/noticia\/2022-05\/maio-amarelo-associacao-alerta-para-riscos-do-celular-ao-volante\" target=\"_blank\"><strong>Ag\u00eancia Brasil<\/strong><\/a> chamou a aten\u00e7\u00e3o para outro erro grave: o uso de celular ao volante, em mat\u00e9ria de 2022. O <em>Maio Amarelo <\/em>tamb\u00e9m foi abordado pela <a href=\"https:\/\/agenciabrasil.ebc.com.br\/radioagencia-nacional\/saude\/audio\/2023-05\/maio-amarelo-busca-conscientizar-motorista-sobre-violencia-no-transito\" target=\"_blank\"><strong>Radioag\u00eancia Nacional<\/strong><\/a> e pelo jornal <a href=\"https:\/\/www.youtube.com\/watch?v=r_q_hZNjp-I\" target=\"_blank\"><em><strong>Brasil em Dia<\/strong><\/em><\/a>, do <strong>Canal Gov<\/strong>, em reportagens de 2023.\u00a0<\/p>\n<p>\n<audio controls=\"\" preload=\"none\"><source src=\"https:\/\/audios.ebc.com.br\/e8\/e86faa036658bd33ce21f25697d698c2.mp3\" type=\"audio\/mpeg\"><\/audio>\n<\/p>\n<p>\n<audio controls=\"\" preload=\"none\"><source src=\"https:\/\/audios.ebc.com.br\/89\/8957bb16b30493f1097df33e8d9acd2e.mp3\" type=\"audio\/mpeg\"><\/audio>\n<\/p>\n<p><iframe allow=\"accelerometer; autoplay; clipboard-write; encrypted-media; gyroscope; picture-in-picture; web-share\" allowfullscreen=\"\" frameborder=\"0\" height=\"360\" referrerpolicy=\"strict-origin-when-cross-origin\" src=\"https:\/\/www.youtube.com\/embed\/r_q_hZNjp-I\" title=\"Campanha Maio Amarelo diminui acidentes com conscientiza\u00e7\u00e3o\" width=\"100%\" sandbox=\"allow-scripts allow-same-origin\"><\/iframe><\/p>\n<p>Este m\u00eas tamb\u00e9m temos a campanha <em>Maio Laranja<\/em>, cujo \u00e1pice \u00e9 o <em>Dia Nacional de Combate ao Abuso e \u00e0 Explora\u00e7\u00e3o Sexual de Crian\u00e7as e Adolescentes<\/em>, fixado no dia 18. A efem\u00e9ride remete a um crime b\u00e1rbaro, ocorrido em Vit\u00f3ria em 1973, quando a menina Araceli Cabrera Crespo, de oito anos, foi sequestrada, estuprada e morta. Os respons\u00e1veis, herdeiros de fam\u00edlias poderosas do estado, nunca foram condenados.<\/p>\n<p>A import\u00e2ncia do <em>Maio Laranja <\/em>para incentivar o combate a esse tipo crime foi tema de texto da <strong><a href=\"https:\/\/agenciabrasil.ebc.com.br\/direitos-humanos\/noticia\/2021-05\/abuso-sexual-infantil-como-identificar-prevenir-e-combater\" target=\"_blank\">Ag\u00eancia Brasil<\/a>, <\/strong>em 2021; do <a href=\"https:\/\/www.youtube.com\/watch?v=K8LapPdj364\" target=\"_blank\"><strong>Rep\u00f3rter Brasil Tarde<\/strong><\/a>, da <strong>TV Brasil<\/strong>, em 2022; de edi\u00e7\u00e3o do <a href=\"https:\/\/radios.ebc.com.br\/nacional-jovem\/2024\/05\/maio-laranja-500-mil-criancas-e-adolescentes-sao-vitimas-todos-os-anos-de-violencia-sexual-no-brasil?_gl=1*lqizi8*_ga*MTcwNzkzMzM4My4xNzcxNjA3MzE4*_ga_TGW7R30M20*czE3NzU0NzE4NDckbzY1JGcxJHQxNzc1NDgxNjg4JGo1MCRsMCRoMTc2NDUyMTY4NQ\" target=\"_blank\"><em><strong>Nacional Jovem<\/strong><\/em><\/a>, da <strong>R\u00e1dio Nacional<\/strong>, em 2024; e da <a href=\"https:\/\/agenciabrasil.ebc.com.br\/radioagencia-nacional\/direitos-humanos\/audio\/2025-05\/maio-laranja-sensibiliza-sobre-abuso-sexual-de-criancas-e-adolescentes\" target=\"_blank\"><strong>Radioag\u00eancia Nacional<\/strong><\/a>, em 2025.<\/p>\n<p>\n<audio controls=\"\" preload=\"none\"><source src=\"https:\/\/audios.ebc.com.br\/69\/6974bad71813d18272ddaff5c0fb53dd.mp3\" type=\"audio\/mpeg\"><\/audio>\n<\/p>\n<p>\n<audio controls=\"\" preload=\"none\"><source src=\"https:\/\/audios.ebc.com.br\/e8\/e8e5f8391dd952b658a1db1689904f2b.mp3\" type=\"audio\/mpeg\"><\/audio>\n<\/p>\n<p><iframe allow=\"accelerometer; autoplay; clipboard-write; encrypted-media; gyroscope; picture-in-picture; web-share\" allowfullscreen=\"\" frameborder=\"0\" height=\"360\" referrerpolicy=\"strict-origin-when-cross-origin\" src=\"https:\/\/www.youtube.com\/embed\/K8LapPdj364\" title=\"Maio Laranja refor\u00e7a luta contra abuso e explora\u00e7\u00e3o sexual de crian\u00e7as\" width=\"100%\" sandbox=\"allow-scripts allow-same-origin\"><\/iframe><\/p>\n<h2><strong>Liberdade de imprensa<\/strong><\/h2>\n<p>Em 3 de maio celebramos o <em>Dia Mundial da Liberdade de Imprensa<\/em>, comemora\u00e7\u00e3o institu\u00edda pela Organiza\u00e7\u00e3o das Na\u00e7\u00f5es Unidas (ONU)\u00a0em 1993. A data tem por intuito alertar os governos sobre a necessidade de respeitar esse princ\u00edpio, apoiar meios de comunica\u00e7\u00e3o alvos de restri\u00e7\u00f5es e homenagear jornalistas que perderam a vida no exerc\u00edcio da profiss\u00e3o. A boa not\u00edcia \u00e9 que o Brasil vem subindo no ranking de liberdade de imprensa, elaborado anualmente pela ONG Rep\u00f3rteres Sem Fronteiras, que analisa 180 pa\u00edses.<\/p>\n<p>Em 2023, o pa\u00eds subiu 18 posi\u00e7\u00f5es, como noticiou o <a href=\"https:\/\/www.youtube.com\/watch?v=fYwd5Vj6lj4\" target=\"_blank\"><strong><em>Rep\u00f3rter Brasil<\/em><\/strong><\/a>, da <strong>TV Brasil<\/strong>. E no ano passado subiu mais 47 posi\u00e7\u00f5es, como noticiou a <a href=\"https:\/\/agenciabrasil.ebc.com.br\/direitos-humanos\/noticia\/2025-05\/brasil-sobe-47-posicoes-em-ranking-de-liberdade-de-imprensa\" target=\"_blank\"><strong>Ag\u00eancia Brasil<\/strong><\/a> e a <a href=\"https:\/\/agenciabrasil.ebc.com.br\/radioagencia-nacional\/geral\/audio\/2025-05\/brasil-sobe-47-posicoes-em-ranking-de-liberdade-de-imprensa\" target=\"_blank\"><strong>Radioag\u00eancia Nacional<\/strong><\/a>. Por outro lado, h\u00e1 a preocupante constata\u00e7\u00e3o de que a liberdade de imprensa nas Am\u00e9ricas como um todo vem se deteriorando, como revela esta outra reportagem da <a href=\"https:\/\/agenciabrasil.ebc.com.br\/direitos-humanos\/noticia\/2025-10\/liberdade-de-imprensa-nas-americas-se-deteriora-diz-entidade\" target=\"_blank\"><strong>Ag\u00eancia Brasil<\/strong><\/a>, tamb\u00e9m de 2025.\u00a0<\/p>\n<p>\n<audio controls=\"\" preload=\"none\"><source src=\"https:\/\/audios.ebc.com.br\/c6\/c64371174eeddcb8403818be96682625.mp3\" type=\"audio\/mpeg\"><\/audio>\n<\/p>\n<p><iframe allow=\"accelerometer; autoplay; clipboard-write; encrypted-media; gyroscope; picture-in-picture; web-share\" allowfullscreen=\"\" frameborder=\"0\" height=\"360\" referrerpolicy=\"strict-origin-when-cross-origin\" src=\"https:\/\/www.youtube.com\/embed\/fYwd5Vj6lj4\" title=\"Liberdade de Imprensa: Brasil melhora 18 posi\u00e7\u00f5es\" width=\"100%\" sandbox=\"allow-scripts allow-same-origin\"><\/iframe><\/p>\n<h2><strong>Promo\u00e7\u00e3o de direitos\u00a0<\/strong><\/h2>\n<p>O <em>Dia Internacional de Luta contra a Homofobia e Transfobia<\/em> \u00e9 celebrado em 25 de maio. Nesta data, em 1990, a Organiza\u00e7\u00e3o Mundial de Sa\u00fade (OMS) decidiu suprimir a homossexualidade como doen\u00e7a mental da lista de patologias registradas no Manual de Diagn\u00f3stico e Estat\u00edstica de Desordens Mentais. O <a href=\"https:\/\/radios.ebc.com.br\/revista-brasilia\/2017\/05\/no-dia-do-combate-homofobia-especialista-explica-sobre-os-direitos?_gl=1*6xupla*_ga*MTcwNzkzMzM4My4xNzcxNjA3MzE4*_ga_TGW7R30M20*czE3NzU2NDUxNDkkbzcwJGcxJHQxNzc1NjUzNDI0JGo0NyRsMCRoMTk5OTI3ODA5Mw..\" target=\"_blank\"><strong><em>Revista Bras\u00edlia<\/em><\/strong><\/a>, veiculado pela <strong>R\u00e1dio Nacional<\/strong>, aproveitou a data para entrevistar uma advogada sobre os direitos da popula\u00e7\u00e3o LGBTQIAPN+, em 2017.<\/p>\n<p>A <a href=\"https:\/\/agenciabrasil.ebc.com.br\/direitos-humanos\/noticia\/2024-05\/escolas-sao-importantes-no-combate-lgbtfobia-defendem-especialistas\" target=\"_blank\"><strong>Ag\u00eancia Brasil<\/strong><\/a> falou sobre a import\u00e2ncia da educa\u00e7\u00e3o nas escolas para combater a homofobia, em 2024. E a <a href=\"https:\/\/agenciabrasil.ebc.com.br\/radioagencia-nacional\/direitos-humanos\/audio\/2025-05\/dia-internacional-de-combate-homofobia-promove-dignidade-lgbtqia\" target=\"_blank\"><strong>Radioag\u00eancia Nacional<\/strong><\/a> tamb\u00e9m abordou o tema, em 2025.\u00a0<\/p>\n<p>\n<audio controls=\"\" preload=\"none\"><source src=\"https:\/\/audios.ebc.com.br\/e4\/e4bdc5cacc6031e5bd9bbad38cc02997.mp3\" type=\"audio\/mpeg\"><\/audio>\n<\/p>\n<p>\n<audio controls=\"\" preload=\"none\"><source src=\"https:\/\/audios.ebc.com.br\/78\/7810f1f0081dd63503da298830741a90.mp3\" type=\"audio\/mpeg\"><\/audio>\n<\/p>\n<p>Falando em direitos da comunidade LGBTQIAPN+, faz 15 anos que o Supremo Tribunal Federal (STF) decidiu que casais homoafetivos podem firmar contratos de uni\u00e3o est\u00e1vel. A decis\u00e3o veio em 5 de maio de 2011. A <a href=\"https:\/\/agenciabrasil.ebc.com.br\/radioagencia-nacional\/direitos-humanos\/audio\/2021-06\/54-dos-brasileiros-e-favor-do-casamento-de-pessoas-do-mesmo-sexo\" target=\"_blank\"><strong>Radioag\u00eancia Nacional<\/strong><\/a> revelou, em 2021, que a maioria dos brasileiros \u00e9 a favor do casamento homoafetivo.<\/p>\n<p>E desde o reconhecimento deste direito, o n\u00famero de uni\u00f5es de pessoas do mesmo sexo cresceu ano a ano, como mostrou esta reportagem do <a href=\"https:\/\/www.youtube.com\/watch?v=wEY1UpqT-6Q\" target=\"_blank\"><strong><em>Rep\u00f3rter Brasil<\/em><\/strong><\/a>, da <strong>TV Brasil<\/strong>, exibida em 2023, e esta da <a href=\"https:\/\/agenciabrasil.ebc.com.br\/geral\/noticia\/2025-11\/uniao-entre-pessoas-do-mesmo-sexo-cresce-mais-de-8-vezes-em-12-anos\" target=\"_blank\"><strong>Ag\u00eancia Brasil<\/strong><\/a> publicada no ano passado, segundo a qual a quantidade de casamentos cresceu 728% em 12 anos.\u00a0<\/p>\n<p>\n<audio controls=\"\" preload=\"none\"><source src=\"https:\/\/audios.ebc.com.br\/f0\/f0673bfcb40c57fa1662ae557719275e.mp3\" type=\"audio\/mpeg\"><\/audio>\n<\/p>\n<p><iframe allow=\"accelerometer; autoplay; clipboard-write; encrypted-media; gyroscope; picture-in-picture; web-share\" allowfullscreen=\"\" frameborder=\"0\" height=\"360\" referrerpolicy=\"strict-origin-when-cross-origin\" src=\"https:\/\/www.youtube.com\/embed\/wEY1UpqT-6Q\" title=\"Casamentos homoafetivos quase quadruplicaram no pa\u00eds desde 2013\" width=\"100%\" sandbox=\"allow-scripts allow-same-origin\"><\/iframe><\/p>\n<p>O Brasil tem cerca de 14,4 milh\u00f5es de pessoas com defici\u00eancia, o que corresponde a aproximadamente 7,3% da popula\u00e7\u00e3o com dois anos ou mais, segundo o Censo 2022 do IBGE. O <em>Dia Global de Conscientiza\u00e7\u00e3o sobre a Acessibilidade <\/em>ressalta a necessidade de se promover as condi\u00e7\u00f5es para essa parcela da popula\u00e7\u00e3o exercer seus direitos b\u00e1sicos. A efem\u00e9ride \u00e9 uma data m\u00f3vel, que neste ano cai no dia 21 de maio.<\/p>\n<p>A <a href=\"https:\/\/agenciabrasil.ebc.com.br\/radioagencia-nacional\/geral\/audio\/2025-09\/mesmo-com-leis-acessibilidade-ainda-e-um-desafio-para-pcds\" target=\"_blank\"><strong>Radioag\u00eancia Nacional<\/strong><\/a> mostrou, em reportagem do ano passado, que os brasileiros com defici\u00eancia ainda enfrentam muitas barreiras f\u00edsicas, restri\u00e7\u00f5es digitais e de servi\u00e7os, apesar das leis determinando a acessibilidade. As dificuldades para a inclus\u00e3o no mercado de trabalho foram tema de edi\u00e7\u00e3o do <a href=\"https:\/\/radios.ebc.com.br\/tarde-nacional-brasilia\/2025\/10\/como-ampliar-inclusao-de-pessoas-com-deficiencia-no-mercado-de\" target=\"_blank\"><em><strong>Tarde Nacional<\/strong><\/em><\/a>, da <strong>R\u00e1dio Nacional<\/strong>, em 2025, e do <a href=\"https:\/\/www.youtube.com\/watch?v=bZyA79cRBF4\" target=\"_blank\"><em><strong>Rep\u00f3rter S\u00e3o Paulo<\/strong><\/em><\/a>, da <strong>TV Brasil<\/strong>, em 2022. E o <a href=\"https:\/\/www.youtube.com\/watch?v=0pg8WaFC6kg\" target=\"_blank\"><em><strong>Rep\u00f3rter Brasil<\/strong><\/em><\/a>, tamb\u00e9m da <strong>TV Brasil<\/strong>, mostrou que as pessoas com defici\u00eancia enfrentam barreiras at\u00e9 para conseguir atendimento hospitalar, em reportagem de 2018.<\/p>\n<p>\n<audio controls=\"\" preload=\"none\"><source src=\"https:\/\/audios.ebc.com.br\/91\/910f5ba361fe6d5e351cc94fbfccf281.mp3\" type=\"audio\/mpeg\"><\/audio>\n<\/p>\n<p>\n<audio controls=\"\" preload=\"none\"><source src=\"https:\/\/audios.ebc.com.br\/32\/320275f0123c860db43e893b6ecac4df.mp3\" type=\"audio\/mpeg\"><\/audio>\n<\/p>\n<p><iframe allow=\"accelerometer; autoplay; clipboard-write; encrypted-media; gyroscope; picture-in-picture; web-share\" allowfullscreen=\"\" frameborder=\"0\" height=\"360\" referrerpolicy=\"strict-origin-when-cross-origin\" src=\"https:\/\/www.youtube.com\/embed\/bZyA79cRBF4\" title=\"SP | Inclus\u00e3o de pessoas com defici\u00eancia no mercado \u00e9 desafio no Brasil\" width=\"100%\" sandbox=\"allow-scripts allow-same-origin\"><\/iframe><iframe allow=\"accelerometer; autoplay; clipboard-write; encrypted-media; gyroscope; picture-in-picture; web-share\" allowfullscreen=\"\" frameborder=\"0\" height=\"360\" referrerpolicy=\"strict-origin-when-cross-origin\" src=\"https:\/\/www.youtube.com\/embed\/0pg8WaFC6kg\" title=\"Pessoas com defici\u00eancia enfrentam dificuldades em hospitais\" width=\"100%\" sandbox=\"allow-scripts allow-same-origin\"><\/iframe><\/p>\n<h2><strong>Incentivo \u00e0 ado\u00e7\u00e3o<\/strong><\/h2>\n<p>Em 2024, existiam no Brasil 3.800 crian\u00e7as e adolescentes na fila da ado\u00e7\u00e3o e mais de 46 mil pretendentes querendo adotar. Os dados s\u00e3o do Sistema Nacional de Ado\u00e7\u00e3o e Acolhimento. Esse descompasso \u00e9 provocado pela prefer\u00eancia por meninas brancas, com menos de dois anos. A imensa maioria dos que esperam est\u00e1 fora desse padr\u00e3o.<\/p>\n<p>O <em>Dia Nacional da Ado\u00e7\u00e3o<\/em>, celebrado em 25 de maio, busca mudar esse cen\u00e1rio, como mostra esta reportagem da <a href=\"https:\/\/agenciabrasil.ebc.com.br\/radioagencia-nacional\/geral\/audio\/2024-05\/dia-nacional-da-adocao-brasil-tem-3800-criancas-espera-de-um-lar\" target=\"_blank\"><strong>Radioag\u00eancia Nacional<\/strong><\/a>, publicada em 2024. A <a href=\"https:\/\/agenciabrasil.ebc.com.br\/direitos-humanos\/noticia\/2022-05\/campanha-incentiva-adocao-de-criancas-e-adolescentes-com-deficiencia\" target=\"_blank\"><strong>Ag\u00eancia Brasil<\/strong><\/a> e o <a href=\"https:\/\/www.youtube.com\/watch?v=dBDjr66khRE\" target=\"_blank\"><strong><em>Rep\u00f3rter Brasil Tarde<\/em><\/strong><\/a>, da <strong>TV Brasil<\/strong>, tamb\u00e9m deram destaque \u00e0 mobiliza\u00e7\u00e3o, em mat\u00e9rias de 2022. J\u00e1 o <a href=\"https:\/\/radios.ebc.com.br\/revista-brasil\/2024\/08\/Advogada-comenta-casos-em-que-pais-devolvem-crianca-adotada\" target=\"_blank\"><em><strong>Revista Brasil<\/strong><\/em><\/a>, da <strong>R\u00e1dio Nacional<\/strong>, entrevistou uma advogada em 2024 para falar sobre algo triste: fam\u00edlias que devolvem uma crian\u00e7a adotada.\u00a0<\/p>\n<p>\n<audio controls=\"\" preload=\"none\"><source src=\"https:\/\/audios.ebc.com.br\/bb\/bb8a7563078d71166f3289ffed2ca2da.mp3\" type=\"audio\/mpeg\"><\/audio>\n<\/p>\n<p>\n<audio controls=\"\" preload=\"none\"><source src=\"https:\/\/audios.ebc.com.br\/79\/7960b70725df507e13373763d3493114.mp3\" type=\"audio\/mpeg\"><\/audio>\n<\/p>\n<p><iframe allow=\"accelerometer; autoplay; clipboard-write; encrypted-media; gyroscope; picture-in-picture; web-share\" allowfullscreen=\"\" frameborder=\"0\" height=\"360\" referrerpolicy=\"strict-origin-when-cross-origin\" src=\"https:\/\/www.youtube.com\/embed\/dBDjr66khRE\" title=\"Exig\u00eancias como etnia e g\u00eanero por adotantes dificultam ado\u00e7\u00e3o no Brasil\" width=\"100%\" sandbox=\"allow-scripts allow-same-origin\"><\/iframe><\/p>\n<h2><strong>Anivers\u00e1rios dos ve\u00edculos da EBC<\/strong><\/h2>\n<p>Finalizamos o <strong>Hoje \u00e9 Dia<\/strong> comemorando o anivers\u00e1rio de tr\u00eas ve\u00edculos da Empresa Brasil de Comunica\u00e7\u00e3o (EBC). No dia 10 de maio a <a href=\"https:\/\/agenciabrasil.ebc.com.br\/\" target=\"_blank\"><strong>Ag\u00eancia Brasil<\/strong><\/a> completa 36 anos de cria\u00e7\u00e3o. Como a principal ag\u00eancia p\u00fablica de not\u00edcias do pa\u00eds, ela desempenha um papel fundamental na promo\u00e7\u00e3o da cidadania, na cobertura de pol\u00edticas p\u00fablicas e na garantia do direito \u00e0 informa\u00e7\u00e3o.Diariamente, produz mais de 100 not\u00edcias e fotos, distribu\u00eddas de forma gratuita. O material \u00e9 reproduzido em centenas de sites, jornais e outros ve\u00edculos de imprensa. Saiba mais <a href=\"https:\/\/agenciabrasil.ebc.com.br\/geral\/noticia\/2025-05\/agencia-brasil-35-anos-com-informacao-de-qualidade-para-o-cidadao\" target=\"_blank\"><strong>nesta reportagem<\/strong><\/a>, publicada na ocasi\u00e3o dos 35 anos da Ag\u00eancia.\u00a0<\/p>\n<p>J\u00e1 a <a href=\"https:\/\/radios.ebc.com.br\/mecfmrio\" target=\"_blank\"><strong>R\u00e1dio MEC FM<\/strong><\/a> foi criada em 1983, a partir de um desdobramento da programa\u00e7\u00e3o educativa da R\u00e1dio MEC AM, fundada por Edgard Roquette Pinto em 1923. Inicialmente, a <strong>MEC FM<\/strong> retransmitia a programa\u00e7\u00e3o da r\u00e1dio AM. Com o tempo, a emissora desenvolveu conte\u00fado pr\u00f3prio, dedicando-se principalmente \u00e0 transmiss\u00e3o de m\u00fasica cl\u00e1ssica, jazz, choro, bossa nova e m\u00fasica instrumental. Diariamente, a R\u00e1dio <strong>MEC FM <\/strong>tem uma m\u00e9dia de 3.762 ouvintes por minuto, com um alcance mensal m\u00e9dio de 135 mil ouvintes.<\/p>\n<p>Os dados se referem \u00e0 audi\u00eancia aferida no Rio de Janeiro. Mas a emissora tamb\u00e9m irradia em Bras\u00edlia (DF) e em Belo Horizonte (MG). Saiba mais nesta reportagem da <a href=\"https:\/\/agenciabrasil.ebc.com.br\/educacao\/noticia\/2018-05\/radio-mec-comemora-35-anos-nesta-quinta-feira?utm_source=chatgpt.com\" target=\"_blank\"><strong>Ag\u00eancia Brasil<\/strong><\/a> e nesta outra do jornal <a href=\"https:\/\/www.youtube.com\/watch?v=Q55M8vt79cE\" target=\"_blank\"><em><strong>Brasil em Dia<\/strong><\/em><\/a>, do <strong>Canal Gov<\/strong>.\u00a0<\/p>\n<p><iframe allow=\"accelerometer; autoplay; clipboard-write; encrypted-media; gyroscope; picture-in-picture; web-share\" allowfullscreen=\"\" frameborder=\"0\" height=\"360\" referrerpolicy=\"strict-origin-when-cross-origin\" src=\"https:\/\/www.youtube.com\/embed\/Q55M8vt79cE\" title=\"R\u00e1dio MEC FM cresce 39% em audi\u00eancia\" width=\"100%\" sandbox=\"allow-scripts allow-same-origin\"><\/iframe><\/p>\n<p>Por \u00faltimo, damos os parab\u00e9ns \u00e0 <strong><a href=\"https:\/\/radios.ebc.com.br\/radionacional\" target=\"_blank\">R\u00e1dio Nacional de Bras\u00edlia<\/a><\/strong>, que completa 68 anos no dia 31 de maio. A emissora teve sua estreia em 1958, dois anos antes da funda\u00e7\u00e3o da capital federal. Desde seu in\u00edcio, desempenhou um papel fundamental ao levar informa\u00e7\u00e3o e entretenimento \u00e0 popula\u00e7\u00e3o, se estabelecendo como um marco na comunica\u00e7\u00e3o p\u00fablica brasileira. No primeiro bimestre de 2026, a r\u00e1dio registrou 4.263 ouvintes por minuto em janeiro e 4.153 em fevereiro, o maior patamar de audi\u00eancia m\u00e9dia por minuto desde abril de 2020.<\/p>\n<p>Saiba mais sobre a <strong>R\u00e1dio Nacional de Bras\u00edlia<\/strong> nestas reportagens da <a href=\"https:\/\/agenciabrasil.ebc.com.br\/cultura\/noticia\/2025-05\/radio-nacional-de-brasilia-completa-67-anos-neste-sabado\" target=\"_blank\"><strong>Ag\u00eancia Brasil<\/strong><\/a>, da <a href=\"https:\/\/agenciabrasil.ebc.com.br\/radioagencia-nacional\/cultura\/audio\/2025-05\/radio-nacional-de-brasilia-am-completa-67-anos-neste-sabado-31\" target=\"_blank\"><strong>Radioag\u00eancia Nacional<\/strong><\/a> e da <a href=\"https:\/\/agenciagov.ebc.com.br\/noticias\/202603\/radio-nacional-fm-comeca-2026-com-recorde-historico-de-audiencia-em-brasilia?utm_source=chatgpt.com\" target=\"_blank\"><strong>Ag\u00eancia Gov<\/strong><\/a>.\u00a0<\/p>\n<p>\n<audio controls=\"\" preload=\"none\"><source src=\"https:\/\/audios.ebc.com.br\/bb\/bb25cc9df0de7a5f2d56f8a6464e71ac.mp3\" type=\"audio\/mpeg\"><\/audio>\n<\/p>\n<h2><strong>Confira a rela\u00e7\u00e3o completa de datas do Hoje \u00e9 Dia de Maio de 2026*<\/strong><\/h2>\n<p><!-- Maio --><\/p>\n<style type=\"text\/css\">\n<!--\/*--><![CDATA[\/* ><!--*\/\n.cmpTable { --fnt-geral: \"Raleway\", Helvetica, sans-serif; --fnt-geral-tamanho: 10pt; --fnt-quadros-tamanho: 8pt; --fnt-titulos-1: 24pt; --fnt-titulos-2: 18pt; --fnt-titulos-3: 16pt; --fnt-titulos-4: 14pt; --bg-color: #000; --btn-color: #666; --txt-color: #9d9; --txt-highlight: #fff; --inset-default-spc: .8rem .6rem .8rem .6rem; --inset-half-spc: .3rem .2rem .8rem .2rem; } .cmpTopics p {padding: .5rem 0;margin: 0;border-bottom: dotted 1px var(--txt-color);} .cmpTopics p:last-of-type {border: none;} .cmpTopics p::before { content: \"\u2013 \"; } .cmpTopics p::after { content: \";\"; } .cmpTopics p:last-of-type::after { content: '.'; } .cmpTable {display: -webkit-box;display: flex;flex-wrap: wrap;margin: 0 0 2em 0;padding: 0;border: solid 1px var(--txt-color);background-color: rgba(255,255,255,.3);max-width: 740px;margin: .8rem auto;} .cmpTableTitle {margin: initial;padding: .3rem 0.8rem;width: 100%;background-color: var(--txt-color);color:var(--txt-highlight);font-size:var(--fnt-titulos-2);position: relative;} .cmpTableCell {box-sizing: border-box;-webkit-box-flex: 1;flex-grow: 1;width: 100%;padding:var(--inset-default-spc);overflow: hidden;list-style: none;background-color: var(--btn-color);color:var(--txt-color);} .tcols-2 > .cmpTableCell { max-width: 92%; } .tcols-2 > .cmpTableCell:nth-child(2n+2) {width: 15%;text-align: center;font-size: var(--fnt-titulos-1);background-color: rgba(32,192,32,.3);border-bottom: solid 1px var(--txt-color);color: var(--txt-highlight);padding: .8rem 0;border-top: dotted 1px var(--txt-color);} .tcols-2 > .cmpTableCell:nth-child(2n+1) {width: 85%;background-color: var(--txt-highlight);border-bottom: solid 1px var(--txt-color);color:var(--btn-color);} @media only screen and (max-width: 991px) { .cmpTable { padding: .8rem; border: solid 1px var(--bg-color); background-color: rgba(255,255,255,.3); } .cmpTable .cmpTableTitle { width: 100%; background-color: transparent !important; color: var(--bg-color); font-size: var(--fnt-titulos-2); padding: .8rem 0; border-bottom: dotted 1px var(--btn-color); } \/* table 2 cols *\/ .tcols-2 .cmpTableCell { display: block; width: 100% !important; background-color: var(--txt-color); color:var(--bg-color) !important; } .tcols-2 > .cmpTableCell:nth-child(2n+2) {width: 10%;font-weight: 800;font-size: var(--fnt-titulos-1);padding: .8rem 0;text-align: left;background-color: transparent;\/* border: solid 5px var(--txt-color); *\/border-bottom: solid 10px var(--txt-color);\/* border-top-left-radius: 10px; *\/\/* border-top-right-radius: 10px; *\/padding: 0.5rem;margin-bottom: 1rem;font-weight: 900;} .tcols-2 > .cmpTableCell:nth-child(2n+1) {width: 20%;font-weight: 400;font-size: var(--fnt-titulos-5);padding: 0;margin-bottom: .8rem;background-color: transparent;border: none;} }\n.cmpTable { --txt-color-em: #3a3; }\n.cmpTableCell.cmpTopics.cmpWeekEmphasis { border-bottom: solid 1px var(--txt-color-em); }\n.tcols-2 > .cmpTableCell.cmpWeekEmphasis:nth-child(2n+2) { width: 15%; text-align: center; font-size: var(--fnt-titulos-1); background-color: rgba(32,192,32,.7); border-bottom: solid 1px var(--txt-color); color: var(--txt-highlight); padding: .8rem 0; border-top: dotted 1px var(--txt-color-em); }\n@media only screen and (max-width: 991px) { .tcols-2 > .cmpTableCell.cmpWeekEmphasis:nth-child(2n+2) { width: 10%; font-weight: 800; font-size: var(--fnt-titulos-1); padding: .8rem 0; text-align: left; background-color: transparent; border-bottom: solid 10px var(--txt-color); padding: 0.5rem; margin-bottom: 1rem; font-weight: 900; } .cmpTableCell.cmpTopics.cmpWeekEmphasis { border-bottom: none; } .tcols-2 > .cmpTableCell.cmpWeekEmphasis:nth-child(2n+2) { border-top: none; }}\n\n\/*--><!]]>*\/\n<\/style>\n<div class=\"cmpTable tcols-2\">\n<div class=\"cmpTableTitle\">Maio de 2026<\/div>\n<div class=\"cmpTableCell\">1\u00ba\/5<\/div>\n<div class=\"cmpTableCell cmpTopics\">\n<p>Morte da cantora fluminense Nana Caymmi (1 ano)<\/p>\n<p>Lan\u00e7amento do programa &#8220;Col\u00e9gio do Ar&#8221;, da R\u00e1dio Minist\u00e9rio da Educa\u00e7\u00e3o (75 anos)<\/p>\n<p>Morte do pintor, gravador, ilustrador, desenhista, entalhador e cen\u00f3grafo baiano Jos\u00e9 J\u00falio de Calasans Neto (20 anos)<\/p>\n<p>In\u00edcio da greve geral nos Estados Unidos e manifesta\u00e7\u00e3o nas ruas de Chicago. Os eventos que se seguiram motivaram a cria\u00e7\u00e3o do Dia do Trabalhador (140 anos)<\/p>\n<p>Primeiro-ministro de Cuba, Fidel Castro, proclama o pa\u00eds como na\u00e7\u00e3o socialista e abole as elei\u00e7\u00f5es (65 anos)<\/p>\n<p>Estreia da \u00f3pera &#8220;As Bodas de F\u00edgaro&#8221;, composta por Wolfgang Amadeus Mozart (240 anos)<\/p>\n<p>Maio Amarelo &#8211; Campanha com a finalidade de chamar a aten\u00e7\u00e3o da sociedade para o alto \u00edndice de mortos e feridos no tr\u00e2nsito de todo o mundo e a conscientiza\u00e7\u00e3o da import\u00e2ncia de atuar para reduzir esses n\u00fameros<\/p>\n<p>Dia Mundial do Trabalhador<\/p>\n<p>Dia da Literatura Brasileira<\/p>\n<\/div>\n<div class=\"cmpTableCell\">2\/5<\/div>\n<div class=\"cmpTableCell cmpTopics\">\n<p>Morte do saudita l\u00edder e fundador da Al-Qaeda, Osama bin Laden (15 anos)<\/p>\n<p>Dia Nacional de Combate ao Ass\u00e9dio Sexual e Moral no Trabalho<\/p>\n<p>Inaugura\u00e7\u00e3o do Passeio P\u00fablico de Curitiba (140 anos)<\/p>\n<\/div>\n<div class=\"cmpTableCell\">3\/5<\/div>\n<div class=\"cmpTableCell cmpTopics\">\n<p>In\u00edcio da transmiss\u00e3o simult\u00e2nea da Rede Nacional de Comunica\u00e7\u00e3o P\u00fablica (RNCP), ent\u00e3o formada pelos quatro canais pr\u00f3prios da <strong>EBC<\/strong>, por sete emissoras universit\u00e1rias e por 15 emissoras p\u00fablicas estaduais (16 anos)<\/p>\n<p>Nascimento do pugilista estadunidense Walker Smith Jr., tamb\u00e9m conhecido como Sugar Ray Robinson (105 anos) &#8211; foi eleito o maior lutador do s\u00e9culo XX pelo Associated Press e o maior pugilista da hist\u00f3ria pela ESPN<\/p>\n<p>Nascimento do ge\u00f3grafo baiano Milton Santos (100 anos)<\/p>\n<p>Funda\u00e7\u00e3o da Sociedade Brasileira de Sciencias, atual Academia Brasileira de Ci\u00eancias (110 anos)<\/p>\n<p>Dia Nacional do Pau-Brasil<\/p>\n<p>Dia Mundial da Liberdade de Imprensa &#8211; comemora\u00e7\u00e3o institu\u00edda pela ONU por meio da Resolu\u00e7\u00e3o 48\/432, de 20 de dezembro de 1993<\/p>\n<p>Dia do Parlamento \u2013 comemora\u00e7\u00e3o criada pela Lei n\u00ba 6.230, de 27 de julho de 1975, para marcar a data da instala\u00e7\u00e3o da primeira Assembleia Constituinte brasileira, em 3 de maio de 1823<\/p>\n<p>Dia do Sol<\/p>\n<p>Funda\u00e7\u00e3o do Centro Dram\u00e1tico e Recreativo Internacional de Mogi das Cruzes (115 anos)<\/p>\n<\/div>\n<div class=\"cmpTableCell\">4\/5<\/div>\n<div class=\"cmpTableCell cmpTopics\">\n<p>Nascimento do m\u00fasico paraibano Herbert Vianna (65 anos) &#8211; vocalista, guitarrista e principal compositor do grupo &#8220;Os Paralamas do Sucesso&#8221;<\/p>\n<p>Nascimento do ator e cineasta catarinense Rog\u00e9rio Sganzerla (80 anos)<\/p>\n<p>Morte do humorista, diretor, roteirista e apresentador fluminense Paulo Gustavo Amaral Monteiro de Barros, o Paulo Gustavo (5 anos)<\/p>\n<p>Movimento dos direitos civis dos negros nos Estados Unidos: os &#8220;Viajantes da Liberdade&#8221; come\u00e7am uma viagem de \u00f4nibus pela Regi\u00e3o Sul (65 anos)<\/p>\n<\/div>\n<div class=\"cmpTableCell\">5\/5<\/div>\n<div class=\"cmpTableCell cmpTopics\">\n<p>Estreia de &#8220;Pedro e o Lobo&#8221;, uma hist\u00f3ria infantil contada atrav\u00e9s da m\u00fasica composta por Serge Prokofiev (90 anos) &#8211; o objetivo pedag\u00f3gico era mostrar \u00e0s crian\u00e7as as sonoridades dos diversos instrumentos<\/p>\n<p>Estreia do programa <em>Antena MEC FM<\/em> (20 anos)<\/p>\n<p>Nascimento do produtor musical paulista Arnolpho Lima Filho, conhecido como Liminha (75 anos) &#8211; baixista da banda Os Mutantes, ficou em 99\u00b0 lugar na lista dos Cem Maiores Artistas da M\u00fasica Brasileira, promovida pela revista Rolling Stone<\/p>\n<p>Nascimento da cantora e compositora fluminense Beth Carvalho (80 anos)<\/p>\n<p>Morte do l\u00edder pol\u00edtico e militar franc\u00eas Napole\u00e3o Bonaparte (205 anos)<\/p>\n<p>Supremo Tribunal Federal\u00a0decide que casais homoafetivos podem firmar contratos de uni\u00e3o est\u00e1vel (15 anos)<\/p>\n<p>Dia Mundial da L\u00edngua Portuguesa &#8211; data ratificada pela Unesco em Paris, durante a Assembleia Geral da Organiza\u00e7\u00e3o das Na\u00e7\u00f5es Unidas para a Educa\u00e7\u00e3o, Ci\u00eancia e Cultura<\/p>\n<p>Dia Nacional das Comunica\u00e7\u00f5es &#8211; data escolhida em homenagem ao nascimento de Marechal Rondon, reconhecido como o Patrono das Comunica\u00e7\u00f5es, por ter contribu\u00eddo para a integra\u00e7\u00e3o do territ\u00f3rio nacional por meio da constru\u00e7\u00e3o de linhas telegr\u00e1ficas<\/p>\n<\/div>\n<div class=\"cmpTableCell\">6\/5<\/div>\n<div class=\"cmpTableCell cmpTopics\">\n<p>Nascimento do m\u00e9dico neurologista e psicanalista austr\u00edaco Sigmund Freud (170 anos)<\/p>\n<p>Nascimento da atriz e humorista fluminense Maria Jos\u00e9 de Macedo, conhecida como Zez\u00e9 Macedo (110 anos)<\/p>\n<p>Dia Nacional da Matem\u00e1tica<\/p>\n<\/div>\n<div class=\"cmpTableCell\">7\/5<\/div>\n<div class=\"cmpTableCell cmpTopics\">\n<p>Nascimento do economista franc\u00eas Thomas Piketty (55 anos) &#8211; se tornou figura de destaque internacional com seu livro &#8220;O Capital no s\u00e9culo XXI&#8221;<\/p>\n<p>Funda\u00e7\u00e3o da empresa japonesa Tokyo Tsushin Kogyo (mais tarde renomeada Sony) com cerca de 20 funcion\u00e1rios (80 anos)<\/p>\n<p>Vesak &#8211; comemora\u00e7\u00e3o da religi\u00e3o budista que marca as datas mais importantes da vida de Buda, como seu nascimento e sua ilumina\u00e7\u00e3o (data m\u00f3vel comemorada na primeira lua cheia de maio)<\/p>\n<\/div>\n<div class=\"cmpTableCell\">8\/5<\/div>\n<div class=\"cmpTableCell cmpTopics\">\n<p>O cardeal norte-americano Robert Francis Prevost \u00e9 eleito o 267\u00ba Papa da Igreja Cat\u00f3lica e escolhe o nome papal Le\u00e3o XIV, tornando-se o primeiro papa nascido nos Estados Unidos (1 ano)<\/p>\n<p>Nascimento da atriz fluminense Elisabeth Maria Silva de Faria, a Betty Faria (85 anos)<\/p>\n<p>Nascimento do m\u00fasico de blues estadunidense Robert Leroy Johnson (115 anos)<\/p>\n<p>Dia do Artista Pl\u00e1stico<\/p>\n<p>Dia Mundial da Cruz Vermelha e do Crescente Vermelho<\/p>\n<\/div>\n<div class=\"cmpTableCell\">9\/5<\/div>\n<div class=\"cmpTableCell cmpTopics\">\n<p>Estreia do programa Hist\u00f3rias do Vov\u00f4 Camarada (76 anos)<\/p>\n<\/div>\n<div class=\"cmpTableCell\">10\/5<\/div>\n<div class=\"cmpTableCell cmpTopics\">\n<p>Entra em funcionamento a <strong>Ag\u00eancia Brasil <\/strong>(36 anos)<\/p>\n<p>Inaugura\u00e7\u00e3o da R\u00e1dio <strong>MEC FM<\/strong> (43 anos)<\/p>\n<p>Morte do poeta, teatr\u00f3logo, m\u00fasico e compositor maranhense Catulo da Paix\u00e3o Cearense (80 anos)<\/p>\n<p>Nascimento do cineasta italiano Ettore Scola (95 anos)<\/p>\n<p>Dia Mundial do L\u00fapus \u2013 data que conta com o reconhecimento da Organiza\u00e7\u00e3o Mundial de Sa\u00fade (OMS) para conscientizar sobre alguns dos sintomas do L\u00fapus Eritematoso Sist\u00eamico, uma doen\u00e7a autoimune cr\u00f4nica de causa desconhecida e de dif\u00edcil diagn\u00f3stico, que acomete mais de cinco milh\u00f5es de pessoas em todo o mundo<\/p>\n<p>Dia das M\u00e3es (data m\u00f3vel)<\/p>\n<\/div>\n<div class=\"cmpTableCell\">11\/5<\/div>\n<div class=\"cmpTableCell cmpTopics\">\n<p>Morte do compositor e regente paulista Jos\u00e9 Maria de Abreu (60 anos)<\/p>\n<p>Morte do jogador Ademir de Menezes (30 anos)<\/p>\n<p>Morte do cantor, compositor e guitarrista jamaicano Robert Nesta Marley, o Bob Marley (45 anos)<\/p>\n<p>Funda\u00e7\u00e3o da Igreja Positivista do Brasil, por Miguel Lemos (145 anos)<\/p>\n<p>Dia Nacional do Reggae<\/p>\n<\/div>\n<div class=\"cmpTableCell\">12\/5<\/div>\n<div class=\"cmpTableCell cmpTopics\">\n<p>Nascimento da cantora, compositora e produtora norte-americana, de ascend\u00eancia portuguesa e brasileira Isabel Gilberto de Oliveira, a Bebel Gilberto (60 anos)<\/p>\n<p>Nascimento da atriz fluminense Ruth de Souza (105 anos) &#8211; primeira atriz negra a protagonizar uma telenovela<\/p>\n<p>Morte do futebolista fluminense Waldir Pereira, o Didi (25 anos) &#8211; defendeu a Sele\u00e7\u00e3o Brasileira em tr\u00eas Copas do Mundo (1954, 1958 e 1962), sendo campe\u00e3o das duas \u00faltimas<\/p>\n<p>Dirig\u00edvel noruegu\u00eas Norge se torna o primeiro a sobrevoar o Polo Norte (100 anos)<\/p>\n<p>Dia Internacional da Enfermagem<\/p>\n<\/div>\n<div class=\"cmpTableCell\">13\/5<\/div>\n<div class=\"cmpTableCell cmpTopics\">\n<p>Morte do pol\u00edtico uruguaio Jos\u00e9 &#8220;Pepe&#8221; Mujica &#8211; foi presidente do Uruguai entre os anos de 2010 e 2015 (1 ano)<\/p>\n<p>Nascimento do jornalista e escritor fluminense Lima Barreto (145 anos) &#8211; autor, dentre outros, do cl\u00e1ssico \u201cTriste Fim de Policarpo Quaresma\u201d<\/p>\n<p>Tentativa de assassinato do Papa Jo\u00e3o Paulo II, por Mehmet Ali A\u011fca, um terrorista turco (45 anos)<\/p>\n<p>Dia da Aboli\u00e7\u00e3o da Escravatura no Brasil<\/p>\n<p>Dia dos Pretos Velhos, celebrado pelos adeptos da religi\u00e3o afrobrasileira umbanda<\/p>\n<\/div>\n<div class=\"cmpTableCell\">14\/5<\/div>\n<div class=\"cmpTableCell cmpTopics\">\n<p>Jogador de basquete norte-americano Magic Johnson anuncia sa\u00edda definitiva da NBA (30 anos)<\/p>\n<\/div>\n<div class=\"cmpTableCell\">15\/5<\/div>\n<div class=\"cmpTableCell cmpTopics\">\n<p>Nascimento do escritor, roteirista e produtor de cinema estadunidense L. Frank Baum (170 anos) &#8211; criador de um dos mais populares livros escritos na literatura americana infantil: \u201cO M\u00e1gico de Oz\u201d<\/p>\n<p>Morte da atriz e bailarina paulista Eva Wilma (05 anos)<\/p>\n<p>Dia Internacional da Latinidade &#8211; comemora\u00e7\u00e3o institu\u00edda por representantes de 36 pa\u00edses latinos, com o fim de preservar as diferentes identidades nacionais e suas comunidades lingu\u00edsticas e culturais<\/p>\n<p>Dia Internacional das Fam\u00edlias &#8211; comemora\u00e7\u00e3o institu\u00edda pela ONU em 1993<\/p>\n<\/div>\n<div class=\"cmpTableCell\">16\/5<\/div>\n<div class=\"cmpTableCell cmpTopics\">\n<p>Primeira transmiss\u00e3o do programa Ricardo Cravo Albin Convida, na <strong>R\u00e1dio MEC<\/strong> (37 anos)<\/p>\n<p>Morte do estudante baiano e militante do MR-8 Stuart Edgar Angel Jones (55 anos) &#8211; preso pol\u00edtico pela ditadura civil-militar e executado na Base A\u00e9rea do Gale\u00e3o. Era filho da conhecida estilista Zuzu Angel, que fez in\u00fameras den\u00fancias sobre a sua morte e desaparecimento<\/p>\n<p>Morte do advogado, economista e pol\u00edtico paulista Bruno Covas (5 anos) &#8211; foi prefeito da cidade de S\u00e3o Paulo<\/p>\n<p>Morte do cantor e compositor de funk paulista MC Kevin (5 anos)<\/p>\n<p>Dia Internacional das Hist\u00f3rias de Vida &#8211; data criada pela Rede Internacional de Museus da Pessoa (Brasil, Portugal, EUA e Canad\u00e1) e o Center for Digital Storytelling (EUA)<\/p>\n<p>Funda\u00e7\u00e3o do jornal di\u00e1rio vespertino &#8220;A Gazeta&#8221;, fundado por Adolfo Ara\u00fajo em S\u00e3o Paulo (120 anos)<\/p>\n<\/div>\n<div class=\"cmpTableCell\">17\/5<\/div>\n<div class=\"cmpTableCell cmpTopics\">\n<p>Nascimento do folclorista, m\u00fasico e escritor paranaense Bras\u00edlio Itiber\u00ea da Cunha Luz (130 anos) &#8211; participou de movimentos liter\u00e1rios na ent\u00e3o capital brasileira e ajudou a fundar a Revista Festa (revista modernista). Com os conselhos de Villa-Lobos e Pixinguinha, abandonou a engenharia para dedicar-se \u00e0 m\u00fasica<\/p>\n<p>Nascimento do compositor e pianista franc\u00eas Erik Satie (160 anos)<\/p>\n<p>Nascimento da cantora fluminense Helena de Lima (100 anos) &#8211; foi descoberta por C\u00e9sar Ladeira na d\u00e9cada de 1940, em um de seus programas na <strong>R\u00e1dio Nacional<\/strong>, onde a cantora se apresentou como caloura e depois, trabalhou como contratada<\/p>\n<p>Nascimento da cantora, compositora, produtora e musicista irlandesa Eithne P\u00e1draig\u00edn N\u00ed Bhraon\u00e1in, a Enya (65 anos) &#8211; conhecida como a &#8220;Rainha do New Age&#8221;<\/p>\n<p>Dia Internacional de Luta contra a Homofobia e Transfobia &#8211; celebra\u00e7\u00e3o para marcar a data de 17 de maio de 1990, em que a Organiza\u00e7\u00e3o Mundial de Sa\u00fade (OMS) decidiu suprimir a homossexualidade como doen\u00e7a mental da lista de patologias registradas no Manual de Diagn\u00f3stico e Estat\u00edstica de Desordens Mentais<\/p>\n<p>Dia Mundial das Telecomunica\u00e7\u00f5es e Sociedade da Informa\u00e7\u00e3o, conhecido popularmente como Dia Mundial da Internet &#8211; institu\u00eddo em 17 de maio de 2005 em Assembleia Geral da ONU na Tun\u00edsia, com o fim de destacar as possibilidades oferecidas pelas novas tecnologias para melhorar o padr\u00e3o de vida dos povos e dos cidad\u00e3os<\/p>\n<\/div>\n<div class=\"cmpTableCell\">18\/5<\/div>\n<div class=\"cmpTableCell cmpTopics\">\n<p>Dia Internacional dos Museus &#8211; comemora\u00e7\u00e3o institu\u00edda em 1971 pelo Comit\u00ea Internacional de Museus, com o fim de sensibilizar o p\u00fablico para a import\u00e2ncia dos museus em nossa sociedade atual<\/p>\n<p>Dia Nacional de Combate ao Abuso e Explora\u00e7\u00e3o Sexual de Crian\u00e7as e Adolescentes &#8211; institu\u00eddo no Brasil pela Lei n\u00ba 9.970, de 17 de maio de 2000, para marcar a data da morte de Aracelli Cabrera Sanches Crespo, de 8 anos, que desapareceu da escola onde estudava e foi violentada e assassinada de forma hedionda em Vit\u00f3ria (ES)<\/p>\n<p>Dia Nacional da Luta Antimanicomial &#8211; data marca a elabora\u00e7\u00e3o do documento final da primeira Confer\u00eancia Nacional de Sa\u00fade Mental no Brasil, ocorrida em 18 de maio de 1987, que ent\u00e3o propunha a reformula\u00e7\u00e3o do modelo assistencial em sa\u00fade mental para os brasileiros<\/p>\n<\/div>\n<div class=\"cmpTableCell\">19\/5<\/div>\n<div class=\"cmpTableCell cmpTopics\">\n<p>Nascimento do cantor e compositor estadunidense Joey Ramone (75 anos)<\/p>\n<p>Lan\u00e7amento do programa Marte II (55 anos) &#8211; o aterrissador da Marte 2 se tornou o primeiro objeto feito pelo homem a atingir a superf\u00edcie de Marte<\/p>\n<p>Dia do F\u00edsico &#8211; a data \u00e9 uma alus\u00e3o \u00e0 1905, quando o f\u00edsico Albert Einstein publicou quatro artigos de grande impacto, incluindo o artigo sobre a Teoria da Relatividade<\/p>\n<p>O Centro Integrado de Defesa A\u00e9rea (CINDACTA I), localizado no Lago Sul, Distrito Federal, detecta presen\u00e7a de OVNIs sobrevoando as regi\u00f5es Centro-Oeste, Sul e Sudeste (40 anos)<\/p>\n<\/div>\n<div class=\"cmpTableCell\">20\/5<\/div>\n<div class=\"cmpTableCell cmpTopics\">\n<p>Nascimento da atriz e cantora estadunidense Cherilyn Sarkisian, conhecida como Cher (80 anos)<\/p>\n<p>Morte do jornalista ga\u00facho Tarso de Castro (35 anos) &#8211; um dos fundadores de &#8220;O Pasquim&#8221;<\/p>\n<\/div>\n<div class=\"cmpTableCell\">21\/5<\/div>\n<div class=\"cmpTableCell cmpTopics\">\n<p>Nascimento do gravurista, ilustrador, pintor e matem\u00e1tico alem\u00e3o Albrecht D\u00fcrer (555 anos) &#8211; provavelmente o mais famoso artista do Renascimento n\u00f3rdico<\/p>\n<p>Dia Global de Conscientiza\u00e7\u00e3o sobre Acessibilidade (data m\u00f3vel)<\/p>\n<p>Dia Mundial da Diversidade Cultural para o Di\u00e1logo e o Desenvolvimento<\/p>\n<p>Dia da L\u00edngua Nacional<\/p>\n<\/div>\n<div class=\"cmpTableCell\">22\/5<\/div>\n<div class=\"cmpTableCell cmpTopics\">\n<p>Nascimento do compositor e instrumentista pernambucano Jos\u00e9 Mariano da Fonseca Barbosa, o Maramb\u00e1 (130 anos)<\/p>\n<p>Dia Internacional da Diversidade Biol\u00f3gica &#8211; comemora\u00e7\u00e3o institu\u00edda pela Unesco na Resolu\u00e7\u00e3o n\u00ba 55\/201, de 20 de dezembro de 2000<\/p>\n<\/div>\n<div class=\"cmpTableCell\">23\/5<\/div>\n<div class=\"cmpTableCell cmpTopics\">\n<p>Morte do fot\u00f3grafo mineiro Sebasti\u00e3o Salgado (1 ano)<\/p>\n<p>Criada, por meio da Lei 6.650, a Empresa Brasileira de Not\u00edcias, empresa p\u00fablica que absorve as atividades da Ag\u00eancia Nacional (47 anos)<\/p>\n<p>Nascimento do atleta fluminense Jos\u00e9 Telles da Concei\u00e7\u00e3o (95 anos) &#8211; no atletismo, foi o primeiro brasileiro a conquistar medalha nos jogos ol\u00edmpicos<\/p>\n<p>Morte do ator, poeta, escritor, dramaturgo, artista pl\u00e1stico, professor universit\u00e1rio, pol\u00edtico e ativista dos direitos civis e humanos das popula\u00e7\u00f5es negras Abdias do Nascimento (15 anos) &#8211; fundou o Teatro Experimental do Negro<\/p>\n<p>Dia Mundial da Tartaruga<\/p>\n<\/div>\n<div class=\"cmpTableCell\">24\/5<\/div>\n<div class=\"cmpTableCell cmpTopics\">\n<p>Nascimento do cantor, compositor, escritor, ator, pintor e artista visual estadunidense Robert Allen Zimmerman, o Bob Dylan (85 anos)<\/p>\n<p>Nascimento do escritor, dramaturgo, roteirista e autor de telenovelas paulista Walther Negr\u00e3o (85 anos)<\/p>\n<p>Dia Nacional do Cigano &#8211; data institu\u00edda em 2006 por meio de decreto em reconhecimento \u00e0 contribui\u00e7\u00e3o da etnia na forma\u00e7\u00e3o da hist\u00f3ria e da identidade cultural brasileira<\/p>\n<p>Dia Nacional do Caf\u00e9 &#8211; uma das mais deliciosas paix\u00f5es nacionais. De acordo com dados da Associa\u00e7\u00e3o Brasileira da Ind\u00fastria de Caf\u00e9 (ABIC), aproximadamente 9 em cada 10 brasileiros com mais de 15 anos consomem caf\u00e9<\/p>\n<p>Funda\u00e7\u00e3o da Faculdade Livre de Direito de Alagoas, atual Faculdade de Direito de Alagoas (95 anos)<\/p>\n<\/div>\n<div class=\"cmpTableCell\">25\/5<\/div>\n<div class=\"cmpTableCell cmpTopics\">\n<p>In\u00edcio da primeira exibi\u00e7\u00e3o da obra &#8220;Gala Contemplating the Sea&#8221;, de Salvador Dal\u00ed, no Solomon R. Guggenheim Museum, em Nova York (50 anos) &#8211; a pintura chama a aten\u00e7\u00e3o por ter uma caracter\u00edstica inusitada: ao se afastar dezoito metros \u00e9 poss\u00edvel conferir o retrato de Abraham Lincoln. A obra \u00e9 uma homenagem \u00e0 esposa e musa do pintor, Gala, e ao mesmo tempo uma explora\u00e7\u00e3o da mente, da mem\u00f3ria e do inconsciente, temas caros a Dal\u00ed<\/p>\n<p>Dia do Orgulho Nerd &#8211; iniciativa que defende o direito de toda pessoa em ser um nerd ou um geek e que promove a cultura nerd\/geek. A data faz refer\u00eancia ao lan\u00e7amento do filme &#8220;Guerra nas Estrelas&#8221;<\/p>\n<p>Dia Nacional da Ado\u00e7\u00e3o &#8211; institu\u00eddo no Brasil pela Lei n\u00ba 10.447, de 9 de maio de 2002<\/p>\n<p>Dia da \u00c1frica &#8211; neste dia, em 1963, foi criada a Organiza\u00e7\u00e3o de Unidade Africana (OUA), na Eti\u00f3pia, com o objetivo de defender e emancipar o continente africano<\/p>\n<\/div>\n<div class=\"cmpTableCell\">26\/5<\/div>\n<div class=\"cmpTableCell cmpTopics\">\n<p>Nascimento do trompetista, compositor e bandleader de jazz estadunidense Miles Davis (100 anos)<\/p>\n<p>Dia Nacional de Combate ao Glaucoma<\/p>\n<\/div>\n<div class=\"cmpTableCell\">27\/5<\/div>\n<div class=\"cmpTableCell cmpTopics\">\n<p>Morte do arquiteto, urbanista e pol\u00edtico paranaense Jaime Lerner (05 anos) &#8211; foi prefeito de Curitiba e governador do Paran\u00e1<\/p>\n<p>Dia Nacional da Mata Atl\u00e2ntica &#8211; a data homenageia a &#8220;Carta de S\u00e3o Vicente&#8221;, escrita em 1560 pelo Padre Anchieta e objetiva conscientizar a popula\u00e7\u00e3o para a conserva\u00e7\u00e3o, recupera\u00e7\u00e3o e uso sustent\u00e1vel do bioma<\/p>\n<p>Dia Mundial do Desafio &#8211; celebrado na \u00faltima quarta-feira do m\u00eas de maio. Originalmente, o Challenge Day foi criado no come\u00e7o da d\u00e9cada de 1980, no Canad\u00e1. \u00c9 um workshop interativo com dura\u00e7\u00e3o de um dia para incentivar a pr\u00e1tica de exerc\u00edcios e esportes. Em dezenas de pa\u00edses passou a ser mais um instrumento antibullying nas escolas, pela integra\u00e7\u00e3o de professores e alunos que competem juntos. Com o passar dos anos, o esp\u00edrito desse dia se consolidou e se espalhou por todo o mundo<\/p>\n<\/div>\n<div class=\"cmpTableCell\">28\/5<\/div>\n<div class=\"cmpTableCell cmpTopics\">\n<p>Dia Nacional de Luta pela Redu\u00e7\u00e3o da Mortalidade Materna<\/p>\n<p>Dia Internacional de Luta pela Sa\u00fade da Mulher<\/p>\n<p>Dia Nacional do Brincar<\/p>\n<\/div>\n<div class=\"cmpTableCell\">29\/5<\/div>\n<div class=\"cmpTableCell cmpTopics\">\n<p>Nascimento do compositor e boxeador fluminense Rubens Soares (115 anos)<\/p>\n<p>Morte do pregador urbano paulista Jos\u00e9 Datrino, conhecido como Profeta Gentileza (30 anos) &#8211; realizava inscri\u00e7\u00f5es peculiares nas pilastras do Viaduto do Gas\u00f4metro, no Rio de Janeiro, se tornando personalidade da cidade e andava pela zona central com uma t\u00fanica branca e longa barba<\/p>\n<p>Instala\u00e7\u00e3o do Instituto Brasileiro de Geografia e Estat\u00edstica, o IBGE (90 anos)<\/p>\n<p>Dia Internacional das For\u00e7as de Paz da ONU<\/p>\n<p>Dia do Ge\u00f3grafo<\/p>\n<\/div>\n<div class=\"cmpTableCell\">30\/5<\/div>\n<div class=\"cmpTableCell cmpTopics\">\n<p>Nascimento do cantor e compositor fluminense Romeu Gentile Scovino, o Romeu Gentil (115 anos)<\/p>\n<p>Realiza\u00e7\u00e3o da primeira prova das 500 Milhas de Indian\u00e1polis (115 anos) &#8211; atualmente uma das competi\u00e7\u00f5es automobil\u00edsticas mais famosas do mundo<\/p>\n<p>Inaugura\u00e7\u00e3o do primeiro manic\u00f4mio judici\u00e1rio nos fundos da Casa de Corre\u00e7\u00e3o, na Rua Frei Caneca, em S\u00e3o Paulo (105 anos)<\/p>\n<\/div>\n<div class=\"cmpTableCell\">31\/5<\/div>\n<div class=\"cmpTableCell cmpTopics\">\n<p>Inaugura\u00e7\u00e3o da <strong>R\u00e1dio Nacional de Bras\u00edlia <\/strong>(68 anos)<\/p>\n<p>Dia Mundial sem Tabaco &#8211; comemora\u00e7\u00e3o institu\u00edda pela OMS<\/p>\n<\/div>\n<\/div>\n<p><em>*As datas s\u00e3o selecionadas pela equipe de pesquisadores do Projeto Efem\u00e9rides, da Ger\u00eancia de Acervo da <a href=\"https:\/\/www.ebc.com.br\/\" target=\"_blank\"><strong>Empresa Brasil de Comunica\u00e7\u00e3o (EBC)<\/strong><\/a>, que traz temas relacionados \u00e0 cultura, hist\u00f3ria, ci\u00eancia e personalidades, sempre ressaltando marcos nacionais e regionais. A Ger\u00eancia de Acervo tamb\u00e9m atende aos pedidos de pesquisa do p\u00fablico externo. Basta enviar um e-mail para <a href=\"mailto:centraldepesquisas@ebc.com.br\"><strong>centraldepesquisas@ebc.com.br<\/strong><\/a>.<\/em><\/p>\n<p>\u00a0<\/p>\n","protected":false},"excerpt":{"rendered":"<p>Come\u00e7amos esta edi\u00e7\u00e3o do Hoje \u00e9 Dia com o Dia do Trabalhador, primeiro feriado do m\u00eas, comemorado no dia 1\u00ba. A efem\u00e9ride foi criada h\u00e1 140 anos, em 1886, durante uma greve em Chicago, nos Estados Unidos, quando trabalhadores foram agredidos, presos e executados, em meio a reivindica\u00e7\u00f5es por redu\u00e7\u00e3o de jornadas di\u00e1rias, que duravam [&hellip;]<\/p>\n","protected":false},"author":1,"featured_media":30562,"comment_status":"open","ping_status":"open","sticky":false,"template":"","format":"standard","meta":{"rop_custom_images_group":[],"rop_custom_messages_group":[],"rop_publish_now":"initial","rop_publish_now_accounts":{"facebook_9070789419679556_1658623117598344":""},"rop_publish_now_history":[],"rop_publish_now_status":"pending","site-sidebar-layout":"default","site-content-layout":"","ast-site-content-layout":"","site-content-style":"default","site-sidebar-style":"default","ast-global-header-display":"","ast-banner-title-visibility":"","ast-main-header-display":"","ast-hfb-above-header-display":"","ast-hfb-below-header-display":"","ast-hfb-mobile-header-display":"","site-post-title":"","ast-breadcrumbs-content":"","ast-featured-img":"","footer-sml-layout":"","theme-transparent-header-meta":"","adv-header-id-meta":"","stick-header-meta":"","header-above-stick-meta":"","header-main-stick-meta":"","header-below-stick-meta":"","astra-migrate-meta-layouts":"default","ast-page-background-enabled":"default","ast-page-background-meta":{"desktop":{"background-color":"var(--ast-global-color-4)","background-image":"","background-repeat":"repeat","background-position":"center center","background-size":"auto","background-attachment":"scroll","background-type":"","background-media":"","overlay-type":"","overlay-color":"","overlay-opacity":"","overlay-gradient":""},"tablet":{"background-color":"","background-image":"","background-repeat":"repeat","background-position":"center center","background-size":"auto","background-attachment":"scroll","background-type":"","background-media":"","overlay-type":"","overlay-color":"","overlay-opacity":"","overlay-gradient":""},"mobile":{"background-color":"","background-image":"","background-repeat":"repeat","background-position":"center center","background-size":"auto","background-attachment":"scroll","background-type":"","background-media":"","overlay-type":"","overlay-color":"","overlay-opacity":"","overlay-gradient":""}},"ast-content-background-meta":{"desktop":{"background-color":"var(--ast-global-color-5)","background-image":"","background-repeat":"repeat","background-position":"center center","background-size":"auto","background-attachment":"scroll","background-type":"","background-media":"","overlay-type":"","overlay-color":"","overlay-opacity":"","overlay-gradient":""},"tablet":{"background-color":"var(--ast-global-color-5)","background-image":"","background-repeat":"repeat","background-position":"center center","background-size":"auto","background-attachment":"scroll","background-type":"","background-media":"","overlay-type":"","overlay-color":"","overlay-opacity":"","overlay-gradient":""},"mobile":{"background-color":"var(--ast-global-color-5)","background-image":"","background-repeat":"repeat","background-position":"center center","background-size":"auto","background-attachment":"scroll","background-type":"","background-media":"","overlay-type":"","overlay-color":"","overlay-opacity":"","overlay-gradient":""}},"footnotes":""},"categories":[4],"tags":[],"class_list":["post-30561","post","type-post","status-publish","format-standard","has-post-thumbnail","hentry","category-brasil"],"_links":{"self":[{"href":"https:\/\/alternativatvstreaming.com.br\/index.php?rest_route=\/wp\/v2\/posts\/30561","targetHints":{"allow":["GET"]}}],"collection":[{"href":"https:\/\/alternativatvstreaming.com.br\/index.php?rest_route=\/wp\/v2\/posts"}],"about":[{"href":"https:\/\/alternativatvstreaming.com.br\/index.php?rest_route=\/wp\/v2\/types\/post"}],"author":[{"embeddable":true,"href":"https:\/\/alternativatvstreaming.com.br\/index.php?rest_route=\/wp\/v2\/users\/1"}],"replies":[{"embeddable":true,"href":"https:\/\/alternativatvstreaming.com.br\/index.php?rest_route=%2Fwp%2Fv2%2Fcomments&post=30561"}],"version-history":[{"count":0,"href":"https:\/\/alternativatvstreaming.com.br\/index.php?rest_route=\/wp\/v2\/posts\/30561\/revisions"}],"wp:featuredmedia":[{"embeddable":true,"href":"https:\/\/alternativatvstreaming.com.br\/index.php?rest_route=\/wp\/v2\/media\/30562"}],"wp:attachment":[{"href":"https:\/\/alternativatvstreaming.com.br\/index.php?rest_route=%2Fwp%2Fv2%2Fmedia&parent=30561"}],"wp:term":[{"taxonomy":"category","embeddable":true,"href":"https:\/\/alternativatvstreaming.com.br\/index.php?rest_route=%2Fwp%2Fv2%2Fcategories&post=30561"},{"taxonomy":"post_tag","embeddable":true,"href":"https:\/\/alternativatvstreaming.com.br\/index.php?rest_route=%2Fwp%2Fv2%2Ftags&post=30561"}],"curies":[{"name":"wp","href":"https:\/\/api.w.org\/{rel}","templated":true}]}}