{"id":30565,"date":"2026-05-01T09:53:30","date_gmt":"2026-05-01T12:53:30","guid":{"rendered":"https:\/\/alternativatvstreaming.com.br\/?p=30565"},"modified":"2026-05-01T09:53:30","modified_gmt":"2026-05-01T12:53:30","slug":"fim-da-escala-6x1-mais-tempo-para-descanso-e-familia-e-prioridade","status":"publish","type":"post","link":"https:\/\/alternativatvstreaming.com.br\/?p=30565","title":{"rendered":"Fim da escala 6&#215;1: mais tempo para descanso e fam\u00edlia \u00e9 prioridade"},"content":{"rendered":"<\/p>\n<p><a class=\"\" href=\"https:\/\/agenciabrasil.ebc.com.br\/economia\/noticia\/2026-05\/fim-da-escala-6x1-mais-tempo-para-descanso-e-familia-e-prioridade\"><br \/>\n                    <img decoding=\"async\" src=\"https:\/\/cdn.jsdelivr.net\/gh\/sergiosdlima\/assets-ebc@1.0.0\/abr\/assets\/images\/logo-agenciabrasil.svg\" alt=\"Logo Ag\u00eancia Brasil\"><br \/>\n\t\t\t\t<\/a><\/p>\n<p><strong>Mais tempo com a fam\u00edlia, para cumprir as obriga\u00e7\u00f5es em casa, passear e at\u00e9 mesmo ter a possiblidade de fazer pequenas viagens. Esses s\u00e3o alguns dos sonhos de trabalhadores que cumprem jornadas semanais de seis dias de trabalho e apenas um dia de folga, caso passem a ter direito a mais um dia de descanso.<\/strong><img decoding=\"async\" src=\"https:\/\/agenciabrasil.ebc.com.br\/ebc.png?id=1688057&#038;o=rss\"><img decoding=\"async\" src=\"https:\/\/agenciabrasil.ebc.com.br\/ebc.gif?id=1688057&#038;o=rss\"><\/p>\n<p><strong>O fim da escala 6&#215;1 \u00e9 a principal bandeira a ser ostentada pelas<a href=\"https:\/\/agenciabrasil.ebc.com.br\/politica\/noticia\/2026-04\/fim-da-escala-6x1-e-bandeira-principal-nos-atos-do-1deg-de-maio-no-pais\" target=\"_blank\"> manifesta\u00e7\u00f5es de trabalhadores neste feriado de 1\u00ba de Maio<\/a>.<\/strong> Diversas mat\u00e9rias sobre o tema tramitam no Congresso Nacional neste momento.<br \/>\n\u00a0<\/p>\n<div class=\"dnd-widget-wrapper context-cheio_8colunas type-image\">\n<div class=\"dnd-atom-rendered\"><!-- scald=461321:cheio_8colunas --><br \/>\n            <img decoding=\"async\" src=\"https:\/\/agenciabrasil.ebc.com.br\/sites\/default\/files\/thumbnails\/image\/loading_v2.gif\" data-echo=\"https:\/\/imagens.ebc.com.br\/EAYmhM0FFpIkXHE9Fdg2PDUMFwI=\/754x0\/smart\/https:\/\/agenciabrasil.ebc.com.br\/sites\/default\/files\/thumbnails\/image\/2026\/04\/30\/_d6a2772.jpg?itok=hKYWxlUb\" alt=\"Rio de Janeiro (RJ), 30\/04\/2026 \u2013 A balconista de farm\u00e1cia Darlen Silva, de 38 anos, fala sobre a possibilidade de fim da escala 6x1. Foto: Fernando Fraz\u00e3o\/Ag\u00eancia Brasil\" title=\"Fernando Fraz\u00e3o\/Ag\u00eancia Brasil\"><br \/>\n        <noscript><img decoding=\"async\" src=\"https:\/\/imagens.ebc.com.br\/EAYmhM0FFpIkXHE9Fdg2PDUMFwI=\/754x0\/smart\/https:\/\/agenciabrasil.ebc.com.br\/sites\/default\/files\/thumbnails\/image\/2026\/04\/30\/_d6a2772.jpg?itok=hKYWxlUb\" alt=\"Rio de Janeiro (RJ), 30\/04\/2026 \u2013 A balconista de farm\u00e1cia Darlen Silva, de 38 anos, fala sobre a possibilidade de fim da escala 6x1. Foto: Fernando Fraz\u00e3o\/Ag\u00eancia Brasil\" title=\"Fernando Fraz\u00e3o\/Ag\u00eancia Brasil\"><\/noscript><br \/>\n    <!-- END scald=461321 --><\/div>\n<div class=\"dnd-caption-wrapper\">\n<div class=\"meta\">Darlen Silva: &#8220;Todo mundo est\u00e1 esperando essa regra a\u00ed&#8221; &#8211; <strong>Fernando Fraz\u00e3o\/Ag\u00eancia Brasil<\/strong><!--END copyright=461321--><\/div>\n<\/div>\n<\/div>\n<h3>Not\u00edcias relacionadas:<\/h3>\n<ul>\n<li><a href=\"https:\/\/agenciabrasil.ebc.com.br\/politica\/noticia\/2026-04\/camara-instala-comissao-para-analisar-pec-do-fim-da-escala-6x1\">C\u00e2mara instala comiss\u00e3o para analisar PEC do fim da escala 6X1.<\/a><\/li>\n<li><a href=\"https:\/\/agenciabrasil.ebc.com.br\/politica\/noticia\/2026-04\/fim-da-escala-6x1-e-bandeira-principal-nos-atos-do-1deg-de-maio-no-pais\">Fim da escala 6&#215;1 \u00e9 principal bandeira nos atos do 1\u00b0 de Maio no pa\u00eds .<\/a><\/li>\n<li><a href=\"https:\/\/agenciabrasil.ebc.com.br\/internacional\/noticia\/2026-04\/escala-6x1-jornada-menor-na-europa-manteve-empregos-e-nao-reduziu-pib\">Escala 6&#215;1: jornada menor na Europa manteve empregos e n\u00e3o reduziu PIB.<\/a><\/li>\n<\/ul>\n<p>A balconista de medicamentos Darlen da Silva, 38 anos, trabalha em uma farm\u00e1cia no Rio de Janeiro e tem apenas um dia de folga na semana.<\/p>\n<blockquote>\n<p>\u201cTenho duas filhas, ent\u00e3o para mim \u00e9 muito corrida a minha folga. Tenho que fazer tudo dentro de casa, lavar roupa, fazer mercado. N\u00e3o tenho descanso. Venho trabalhar mais cansada ainda no outro dia.\u201d<\/p>\n<\/blockquote>\n<p>Ela tem carteira assinada h\u00e1 15 anos e, durante todo esse tempo, trabalha nesse regime. \u201cUma folga s\u00f3 \u00e9 puxado para qualquer trabalhador. Ainda mais para gente que \u00e9 m\u00e3e, mulher. Fica mais complicado ainda, entendeu? Tem muito mais coisa a fazer.\u201d<br \/>\n\u00a0<br \/>\nDarlen diz que entre os colegas de trabalho o assunto da poss\u00edvel redu\u00e7\u00e3o da jornada \u00e9 constante: \u201cTodo mundo t\u00e1 esperando sair essa regra nova a\u00ed\u201d.<br \/>\n\u00a0<br \/>\nCaso seja aprovada, ela j\u00e1 planeja como ser\u00e1: \u201cEu ia tirar um dia para mim, para poder resolver tudo, n\u00e9? O que tem que fazer de casa. E o outro eu ia tentar descansar, fazer alguma coisa, um passeio, porque a gente n\u00e3o tem tempo. Voc\u00ea tem que optar, ou voc\u00ea larga tudo de lado e vai tentar viver a vida ou voc\u00ea cuida.\u201d<br \/>\n\u00a0<br \/>\nEla espera, no entanto, que a lei, caso aprovada, seja de fato cumprida, e seja respeitado o limite de 40 horas semanais de trabalho. Ela conta que tem amigos cujos locais de trabalho j\u00e1 aderiram aos dois dias de descanso por semana, mas que, em troca, aumentaram a jornada di\u00e1ria dos trabalhadores.<br \/>\n\u00a0<br \/>\n\u201cMeus colegas est\u00e3o trabalhando 11 horas por dia para poder entrar nesse esquema de cinco por dois. Entendeu? Ent\u00e3o, acaba que n\u00e3o compensa. Para mim, n\u00e3o compensa. Se voc\u00ea trabalhar 11 horas cinco dias na semana, voc\u00ea vai ficar mais cansado ainda\u201d.<\/p>\n<h2>Tempo com a fam\u00edlia<\/h2>\n<div class=\"dnd-widget-wrapper context-medio_4colunas type-image atom-align-left\">\n<div class=\"dnd-atom-rendered\"><!-- scald=461320:medio_4colunas {\"additionalClasses\":\"\"} --><br \/>\n            <img decoding=\"async\" src=\"https:\/\/agenciabrasil.ebc.com.br\/sites\/default\/files\/thumbnails\/image\/loading_v2.gif\" data-echo=\"https:\/\/imagens.ebc.com.br\/6se1Po_AnEwlLoeyLz1-0qCbYUo=\/365x0\/smart\/https:\/\/agenciabrasil.ebc.com.br\/sites\/default\/files\/thumbnails\/image\/2026\/04\/30\/_d6a2727.jpg?itok=VE-zJqGL\" alt=\"Rio de Janeiro (RJ), 30\/04\/2026 \u2013 O gar\u00e7om Alisson dos Santos, que trabalha h\u00e1 dez anos no setor de restaurantes, fala sobre a possibilidade de fim da escala 6x1. Foto: Fernando Fraz\u00e3o\/Ag\u00eancia Brasil\" title=\"Fernando Fraz\u00e3o\/Ag\u00eancia Brasil\"><br \/>\n        <noscript><img decoding=\"async\" src=\"https:\/\/imagens.ebc.com.br\/6se1Po_AnEwlLoeyLz1-0qCbYUo=\/365x0\/smart\/https:\/\/agenciabrasil.ebc.com.br\/sites\/default\/files\/thumbnails\/image\/2026\/04\/30\/_d6a2727.jpg?itok=VE-zJqGL\" alt=\"Rio de Janeiro (RJ), 30\/04\/2026 \u2013 O gar\u00e7om Alisson dos Santos, que trabalha h\u00e1 dez anos no setor de restaurantes, fala sobre a possibilidade de fim da escala 6x1. Foto: Fernando Fraz\u00e3o\/Ag\u00eancia Brasil\" title=\"Fernando Fraz\u00e3o\/Ag\u00eancia Brasil\"><\/noscript><br \/>\n    <!-- END scald=461320 --><\/div>\n<div class=\"dnd-caption-wrapper\">\n<div class=\"meta\">O gar\u00e7om Alisson dos Santos fala que poder\u00e1 at\u00e9 fazer pequenas viagens\u00a0&#8211; <strong>Fernando Fraz\u00e3o\/Ag\u00eancia Brasil<\/strong><!--END copyright=461320--><\/div>\n<\/div>\n<\/div>\n<p>Tamb\u00e9m no Rio de Janeiro, o gar\u00e7om Alisson dos Santos, 33 anos, trabalha na escala 6&#215;1 por um h\u00e1 dez anos. Ele conta que geralmente usa as folgas para resolver pend\u00eancias dele ou dos filhos.<br \/>\n\u00a0<br \/>\n\u201cA gente sempre tem que resolver alguma coisa da crian\u00e7a na escola, tem m\u00e9dico, sempre tem alguma coisinha para voc\u00ea fazer. Ent\u00e3o, acaba n\u00e3o rendendo o seu dia de descanso. Sempre tem que fazer as coisas de casa.\u201d<\/p>\n<p>Segundo ele, esse dia a mais de folga\u00a0poderia at\u00e9 mesmo ser usado para uma viagem.<\/p>\n<blockquote>\n<p>\u201cNum dia voc\u00ea\u00a0 organiza as coisas de casa e, no outro dia, consegue passear com a fam\u00edlia. Ou, se voc\u00ea\u00a0vai direto do trabalho, consegue organizar at\u00e9 uma viagem. Com um dia s\u00f3 n\u00e3o, voc\u00ea n\u00e3o consegue fazer nada.\u201d<\/p>\n<\/blockquote>\n<p>Em S\u00e3o Lu\u00eds, no Maranh\u00e3o, a cabeleireira Izabelle Nunes, 26 anos, diz que n\u00e3o tem acompanhado o debate que est\u00e1 sendo feito entre no Congresso e que o assunto tamb\u00e9m \u00e9 pouco discutido no seu ambiente de trabalho. Mesmo assim,\u00a0disse ser favor\u00e1vel \u00e0\u00a0iniciativa.<\/p>\n<blockquote>\n<p>\u201cAcho que todos n\u00f3s trabalhadores temos o direito de ter no m\u00ednimo dois dias de folga. Cuidar dos nossos estudos, sa\u00fade, lazer, cultura e trabalhando nessa escala a gente s\u00f3 se acaba.\u201d\u00a0<\/p>\n<\/blockquote>\n<p>Trabalhando seis dias por semana, Izabelle disse ainda que o dia a mais de folga ajudaria muito na din\u00e2mica dom\u00e9stica e familiar. \u201cFaria tudo que desse. Ficaria mais com minha fam\u00edlia.\u201d<\/p>\n<p>A professora Karine Fernandes, 36 anos, diz que vem acompanhando o debate por meio das redes sociais. Apesar de n\u00e3o trabalhar na escala 6&#215;1, ela disse ser favor\u00e1vel \u00e0 redu\u00e7\u00e3o da jornada.<br \/>\n\u00a0<br \/>\n\u201cAcredito ser uma discuss\u00e3o importante, que afeta significativamente a qualidade de vida de muitos trabalhadores.\u201d<br \/>\n\u00a0<br \/>\n<strong>Karine disse ainda que a pauta \u00e9 relevante e que afeta diretamente a qualidade de vida das fam\u00edlias.<\/strong><\/p>\n<blockquote>\n<p>\u201cComo m\u00e3e, penso em como isso influencia a viv\u00eancia de crian\u00e7as que podem ter\u00a0mais tempo de qualidade com suas m\u00e3es e pais e como isso\u00a0tem resultado direto no fortalecimento dos adultos que ir\u00e3o se tornar.\u201d<\/p>\n<\/blockquote>\n<h2>Fim da jornada 6&#215;1<\/h2>\n<p><strong>O fim da jornada 6&#215;1 tem sido uma das principais apostas do governo na agenda trabalhista e j\u00e1 est\u00e1 em <a href=\"https:\/\/agenciabrasil.ebc.com.br\/politica\/noticia\/2026-04\/lula-defende-fim-da-escala-6x1-como-passo-historico-para-o-pais\" target=\"_blank\">tramita\u00e7\u00e3o no Congresso Nacional<\/a>, com expectativa de avan\u00e7o nas pr\u00f3ximas semanas.<\/strong><br \/>\n\u00a0<br \/>\nEst\u00e3o em tramita\u00e7\u00e3o no Congresso Nacional algumas propostas para <a href=\"http:\/\/https\/\/agenciabrasil.ebc.com.br\/politica\/noticia\/2026-04\/motta-cria-comissao-para-analisar-pec-da-reducao-da-escala-6x1\" target=\"_blank\">acabar com essa escala<\/a>. A Proposta de Emenda \u00e0 Constitui\u00e7\u00e3o (PEC) 221\/19, de autoria do deputado Reginaldo Lopes (PT-MG), que reduz a jornada de trabalho de 44 horas para 36 horas semanais. A transi\u00e7\u00e3o se daria ao longo de dez anos.<br \/>\n\u00a0<br \/>\nA outra proposta apensada (PEC 8\/25), da deputada Erika Hilton (PSOL-SP), prev\u00ea uma escala de quatro dias de trabalho por semana, com limite de 36 horas no per\u00edodo.<br \/>\n\u00a0<br \/>\n<strong>O presidente da Rep\u00fablica, Luiz In\u00e1cio Lula da Silva tamb\u00e9m enviou ao Congresso um projeto de lei (PL) com urg\u00eancia constitucional para acabar com a escala 6&#215;1 e reduzir a jornada de 44 para 40 horas semanais. O PL com urg\u00eancia precisa ser votado em at\u00e9 45 dias ou tranca a pauta do plen\u00e1rio da C\u00e2mara.<\/strong><\/p>\n","protected":false},"excerpt":{"rendered":"<p>Mais tempo com a fam\u00edlia, para cumprir as obriga\u00e7\u00f5es em casa, passear e at\u00e9 mesmo ter a possiblidade de fazer pequenas viagens. Esses s\u00e3o alguns dos sonhos de trabalhadores que cumprem jornadas semanais de seis dias de trabalho e apenas um dia de folga, caso passem a ter direito a mais um dia de descanso. [&hellip;]<\/p>\n","protected":false},"author":1,"featured_media":30566,"comment_status":"open","ping_status":"open","sticky":false,"template":"","format":"standard","meta":{"rop_custom_images_group":[],"rop_custom_messages_group":[],"rop_publish_now":"initial","rop_publish_now_accounts":{"facebook_9070789419679556_1658623117598344":""},"rop_publish_now_history":[],"rop_publish_now_status":"pending","site-sidebar-layout":"default","site-content-layout":"","ast-site-content-layout":"","site-content-style":"default","site-sidebar-style":"default","ast-global-header-display":"","ast-banner-title-visibility":"","ast-main-header-display":"","ast-hfb-above-header-display":"","ast-hfb-below-header-display":"","ast-hfb-mobile-header-display":"","site-post-title":"","ast-breadcrumbs-content":"","ast-featured-img":"","footer-sml-layout":"","theme-transparent-header-meta":"","adv-header-id-meta":"","stick-header-meta":"","header-above-stick-meta":"","header-main-stick-meta":"","header-below-stick-meta":"","astra-migrate-meta-layouts":"default","ast-page-background-enabled":"default","ast-page-background-meta":{"desktop":{"background-color":"var(--ast-global-color-4)","background-image":"","background-repeat":"repeat","background-position":"center center","background-size":"auto","background-attachment":"scroll","background-type":"","background-media":"","overlay-type":"","overlay-color":"","overlay-opacity":"","overlay-gradient":""},"tablet":{"background-color":"","background-image":"","background-repeat":"repeat","background-position":"center center","background-size":"auto","background-attachment":"scroll","background-type":"","background-media":"","overlay-type":"","overlay-color":"","overlay-opacity":"","overlay-gradient":""},"mobile":{"background-color":"","background-image":"","background-repeat":"repeat","background-position":"center center","background-size":"auto","background-attachment":"scroll","background-type":"","background-media":"","overlay-type":"","overlay-color":"","overlay-opacity":"","overlay-gradient":""}},"ast-content-background-meta":{"desktop":{"background-color":"var(--ast-global-color-5)","background-image":"","background-repeat":"repeat","background-position":"center center","background-size":"auto","background-attachment":"scroll","background-type":"","background-media":"","overlay-type":"","overlay-color":"","overlay-opacity":"","overlay-gradient":""},"tablet":{"background-color":"var(--ast-global-color-5)","background-image":"","background-repeat":"repeat","background-position":"center center","background-size":"auto","background-attachment":"scroll","background-type":"","background-media":"","overlay-type":"","overlay-color":"","overlay-opacity":"","overlay-gradient":""},"mobile":{"background-color":"var(--ast-global-color-5)","background-image":"","background-repeat":"repeat","background-position":"center center","background-size":"auto","background-attachment":"scroll","background-type":"","background-media":"","overlay-type":"","overlay-color":"","overlay-opacity":"","overlay-gradient":""}},"footnotes":""},"categories":[37],"tags":[],"class_list":["post-30565","post","type-post","status-publish","format-standard","has-post-thumbnail","hentry","category-negocios"],"_links":{"self":[{"href":"https:\/\/alternativatvstreaming.com.br\/index.php?rest_route=\/wp\/v2\/posts\/30565","targetHints":{"allow":["GET"]}}],"collection":[{"href":"https:\/\/alternativatvstreaming.com.br\/index.php?rest_route=\/wp\/v2\/posts"}],"about":[{"href":"https:\/\/alternativatvstreaming.com.br\/index.php?rest_route=\/wp\/v2\/types\/post"}],"author":[{"embeddable":true,"href":"https:\/\/alternativatvstreaming.com.br\/index.php?rest_route=\/wp\/v2\/users\/1"}],"replies":[{"embeddable":true,"href":"https:\/\/alternativatvstreaming.com.br\/index.php?rest_route=%2Fwp%2Fv2%2Fcomments&post=30565"}],"version-history":[{"count":0,"href":"https:\/\/alternativatvstreaming.com.br\/index.php?rest_route=\/wp\/v2\/posts\/30565\/revisions"}],"wp:featuredmedia":[{"embeddable":true,"href":"https:\/\/alternativatvstreaming.com.br\/index.php?rest_route=\/wp\/v2\/media\/30566"}],"wp:attachment":[{"href":"https:\/\/alternativatvstreaming.com.br\/index.php?rest_route=%2Fwp%2Fv2%2Fmedia&parent=30565"}],"wp:term":[{"taxonomy":"category","embeddable":true,"href":"https:\/\/alternativatvstreaming.com.br\/index.php?rest_route=%2Fwp%2Fv2%2Fcategories&post=30565"},{"taxonomy":"post_tag","embeddable":true,"href":"https:\/\/alternativatvstreaming.com.br\/index.php?rest_route=%2Fwp%2Fv2%2Ftags&post=30565"}],"curies":[{"name":"wp","href":"https:\/\/api.w.org\/{rel}","templated":true}]}}