{"id":30581,"date":"2026-05-01T16:54:54","date_gmt":"2026-05-01T19:54:54","guid":{"rendered":"https:\/\/alternativatvstreaming.com.br\/?p=30581"},"modified":"2026-05-01T16:54:54","modified_gmt":"2026-05-01T19:54:54","slug":"lula-determina-apoio-federal-para-cidades-atingidas-por-chuvas-em-pe","status":"publish","type":"post","link":"https:\/\/alternativatvstreaming.com.br\/?p=30581","title":{"rendered":"Lula determina apoio federal para cidades atingidas por chuvas em PE"},"content":{"rendered":"<\/p>\n<p><a class=\"\" href=\"https:\/\/agenciabrasil.ebc.com.br\/politica\/noticia\/2026-05\/lula-determina-apoio-federal-para-cidades-atingidas-por-chuvas-em-pe\"><br \/>\n                    <img decoding=\"async\" src=\"https:\/\/cdn.jsdelivr.net\/gh\/sergiosdlima\/assets-ebc@1.0.0\/abr\/assets\/images\/logo-agenciabrasil.svg\" alt=\"Logo Ag\u00eancia Brasil\"><br \/>\n\t\t\t\t<\/a><\/p>\n<p><strong>O presidente Luiz In\u00e1cio Lula da Silva determinou nesta sexta-feira (1\u00ba) apoio do governo federal \u00e0 regi\u00e3o metropolitana de Recife, ap\u00f3s a cidade sofrer com fortes chuvas. Desde ontem (30), segundo a Defesa Civil estadual, foram registrados mais de 100 mil\u00edmetros de chuva na regi\u00e3o.\u00a0<\/strong><img decoding=\"async\" src=\"https:\/\/agenciabrasil.ebc.com.br\/ebc.png?id=1688115&#038;o=rss\"><img decoding=\"async\" src=\"https:\/\/agenciabrasil.ebc.com.br\/ebc.gif?id=1688115&#038;o=rss\"><\/p>\n<p>Pelo menos quatro pessoas est\u00e3o desaparecidas ap\u00f3s o deslizamento de uma barreira em Olinda.<\/p>\n<\/p>\n<h3>Not\u00edcias relacionadas:<\/h3>\n<ul>\n<li><a href=\"https:\/\/agenciabrasil.ebc.com.br\/geral\/noticia\/2026-04\/frente-fria-provoca-chuvas-e-queda-de-temperatura-no-centro-sul\">Frente fria provoca chuvas e queda de temperatura no centro-sul.<\/a><\/li>\n<\/ul>\n<p><a href=\"https:\/\/x.com\/i\/status\/2050242578696622414\">Em uma rede social<\/a>, Lula disse que conversou por telefone com o ex-prefeito de Recife, Jo\u00e3o Campos, e com o senador pernambucano Humberto Costa (PT-PE) sobre as chuvas, que atingem tamb\u00e9m outras regi\u00f5es do estado.<\/p>\n<blockquote>\n<p>&#8220;Determinei imediatamente o pronto apoio federal \u00e0s autoridades locais. O ministro da Integra\u00e7\u00e3o Regional, Waldez G\u00f3es, acionou a Defesa Civil Nacional para prestar todo suporte \u00e0s cidades atingidas, Inclusive com o reconhecimento da situa\u00e7\u00e3o de emerg\u00eancia e o deslocamento de t\u00e9cnicos para a \u00e1rea&#8221;, disse o presidente.\u00a0<\/p>\n<\/blockquote>\n<p><strong>Lula determinou ainda que o ministro da Sa\u00fade, Alexandre Padilha, mobilize a For\u00e7a Nacional do Sistema \u00danico de Sa\u00fade (SUS) para prestar atendimento \u00e0s v\u00edtimas.<\/strong><\/p>\n<p>O ministro das Rela\u00e7\u00f5es Institucionais, Jos\u00e9 Guimar\u00e3es, <a href=\"https:\/\/x.com\/i\/status\/2050272290835730715\">tamb\u00e9m se manifestou<\/a>. Ele disse que G\u00f3es conversou com a governadora do estado, Raquel Lyra, sobre as medidas de apoio do governo.<\/p>\n<p><strong>Entre as provid\u00eancias a serem adotadas est\u00e1 a decreta\u00e7\u00e3o de estado de calamidade p\u00fablica para o estado e os munic\u00edpios atingidos.\u00a0<\/strong><\/p>\n<p>Guimar\u00e3es disse ainda que o governo far\u00e1 o reconhecimento sum\u00e1rio da situa\u00e7\u00e3o e adotar\u00e1, &#8220;com rapidez, as medidas necess\u00e1rias para minimizar os impactos e reduzir o sofrimento das popula\u00e7\u00f5es atingidas&#8221;.<\/p>\n<blockquote>\n<p>&#8220;O di\u00e1logo com as diferentes esferas de governo refor\u00e7a a import\u00e2ncia da atua\u00e7\u00e3o conjunta neste momento cr\u00edtico. A uni\u00e3o de esfor\u00e7os \u00e9 fundamental para enfrentar a trag\u00e9dia, salvar vidas e evitar maiores perdas, em um gesto de solidariedade com o povo pernambucano diante de uma situa\u00e7\u00e3o t\u00e3o dif\u00edcil&#8221;, disse.<\/p>\n<\/blockquote>\n<h2>Alerta<\/h2>\n<p>A Defesa Civil emitiu um alerta de fortes chuvas para hoje e s\u00e1bado na regi\u00e3o metropolitana de Recife e zona da Mata Norte.<\/p>\n<p>Chuvas moderadas devem atingir as zonas do Agreste e Mata Sul.<\/p>\n","protected":false},"excerpt":{"rendered":"<p>O presidente Luiz In\u00e1cio Lula da Silva determinou nesta sexta-feira (1\u00ba) apoio do governo federal \u00e0 regi\u00e3o metropolitana de Recife, ap\u00f3s a cidade sofrer com fortes chuvas. Desde ontem (30), segundo a Defesa Civil estadual, foram registrados mais de 100 mil\u00edmetros de chuva na regi\u00e3o.\u00a0 Pelo menos quatro pessoas est\u00e3o desaparecidas ap\u00f3s o deslizamento de [&hellip;]<\/p>\n","protected":false},"author":48,"featured_media":30582,"comment_status":"open","ping_status":"open","sticky":false,"template":"","format":"standard","meta":{"rop_custom_images_group":[],"rop_custom_messages_group":[],"rop_publish_now":"initial","rop_publish_now_accounts":{"facebook_9070789419679556_1658623117598344":""},"rop_publish_now_history":[],"rop_publish_now_status":"pending","site-sidebar-layout":"default","site-content-layout":"","ast-site-content-layout":"","site-content-style":"default","site-sidebar-style":"default","ast-global-header-display":"","ast-banner-title-visibility":"","ast-main-header-display":"","ast-hfb-above-header-display":"","ast-hfb-below-header-display":"","ast-hfb-mobile-header-display":"","site-post-title":"","ast-breadcrumbs-content":"","ast-featured-img":"","footer-sml-layout":"","theme-transparent-header-meta":"","adv-header-id-meta":"","stick-header-meta":"","header-above-stick-meta":"","header-main-stick-meta":"","header-below-stick-meta":"","astra-migrate-meta-layouts":"default","ast-page-background-enabled":"default","ast-page-background-meta":{"desktop":{"background-color":"var(--ast-global-color-4)","background-image":"","background-repeat":"repeat","background-position":"center center","background-size":"auto","background-attachment":"scroll","background-type":"","background-media":"","overlay-type":"","overlay-color":"","overlay-opacity":"","overlay-gradient":""},"tablet":{"background-color":"","background-image":"","background-repeat":"repeat","background-position":"center center","background-size":"auto","background-attachment":"scroll","background-type":"","background-media":"","overlay-type":"","overlay-color":"","overlay-opacity":"","overlay-gradient":""},"mobile":{"background-color":"","background-image":"","background-repeat":"repeat","background-position":"center center","background-size":"auto","background-attachment":"scroll","background-type":"","background-media":"","overlay-type":"","overlay-color":"","overlay-opacity":"","overlay-gradient":""}},"ast-content-background-meta":{"desktop":{"background-color":"var(--ast-global-color-5)","background-image":"","background-repeat":"repeat","background-position":"center center","background-size":"auto","background-attachment":"scroll","background-type":"","background-media":"","overlay-type":"","overlay-color":"","overlay-opacity":"","overlay-gradient":""},"tablet":{"background-color":"var(--ast-global-color-5)","background-image":"","background-repeat":"repeat","background-position":"center center","background-size":"auto","background-attachment":"scroll","background-type":"","background-media":"","overlay-type":"","overlay-color":"","overlay-opacity":"","overlay-gradient":""},"mobile":{"background-color":"var(--ast-global-color-5)","background-image":"","background-repeat":"repeat","background-position":"center center","background-size":"auto","background-attachment":"scroll","background-type":"","background-media":"","overlay-type":"","overlay-color":"","overlay-opacity":"","overlay-gradient":""}},"footnotes":""},"categories":[17],"tags":[],"class_list":["post-30581","post","type-post","status-publish","format-standard","has-post-thumbnail","hentry","category-mundo"],"_links":{"self":[{"href":"https:\/\/alternativatvstreaming.com.br\/index.php?rest_route=\/wp\/v2\/posts\/30581","targetHints":{"allow":["GET"]}}],"collection":[{"href":"https:\/\/alternativatvstreaming.com.br\/index.php?rest_route=\/wp\/v2\/posts"}],"about":[{"href":"https:\/\/alternativatvstreaming.com.br\/index.php?rest_route=\/wp\/v2\/types\/post"}],"author":[{"embeddable":true,"href":"https:\/\/alternativatvstreaming.com.br\/index.php?rest_route=\/wp\/v2\/users\/48"}],"replies":[{"embeddable":true,"href":"https:\/\/alternativatvstreaming.com.br\/index.php?rest_route=%2Fwp%2Fv2%2Fcomments&post=30581"}],"version-history":[{"count":0,"href":"https:\/\/alternativatvstreaming.com.br\/index.php?rest_route=\/wp\/v2\/posts\/30581\/revisions"}],"wp:featuredmedia":[{"embeddable":true,"href":"https:\/\/alternativatvstreaming.com.br\/index.php?rest_route=\/wp\/v2\/media\/30582"}],"wp:attachment":[{"href":"https:\/\/alternativatvstreaming.com.br\/index.php?rest_route=%2Fwp%2Fv2%2Fmedia&parent=30581"}],"wp:term":[{"taxonomy":"category","embeddable":true,"href":"https:\/\/alternativatvstreaming.com.br\/index.php?rest_route=%2Fwp%2Fv2%2Fcategories&post=30581"},{"taxonomy":"post_tag","embeddable":true,"href":"https:\/\/alternativatvstreaming.com.br\/index.php?rest_route=%2Fwp%2Fv2%2Ftags&post=30581"}],"curies":[{"name":"wp","href":"https:\/\/api.w.org\/{rel}","templated":true}]}}